{"id":873,"date":"2019-11-01T11:05:58","date_gmt":"2019-11-01T10:05:58","guid":{"rendered":"https:\/\/agora.xtec.cat\/escola-olivera-santcugat\/?p=873"},"modified":"2019-11-01T11:06:20","modified_gmt":"2019-11-01T10:06:20","slug":"bicicletada-19-20","status":"publish","type":"post","link":"https:\/\/agora.xtec.cat\/escola-olivera-santcugat\/primaria\/5e\/bicicletada-19-20\/","title":{"rendered":"Bicicletada 19-20"},"content":{"rendered":"<p>Els alumnes de cinqu\u00e8 i sis\u00e8 hem anat a fer una bicicletada pels carrers de Sant Cugat. Vam participar conjuntament amb altres escoles del poble. Volem agra\u00efr l&#8217;esfor\u00e7 dels alumnes de l&#8217;escola i l&#8217;organitzaci\u00f3 per part de tots (Ajuntament, Omet, Mestres d&#8217;EF de les escoles participants,&#8230;).<\/p>\n<p>Ha sigut tot un \u00e8xit!<\/p>\n","protected":false},"excerpt":{"rendered":"<p>Els alumnes de cinqu\u00e8 i sis\u00e8 hem anat a fer una bicicletada pels carrers de Sant Cugat. Vam participar conjuntament amb altres escoles del poble. Volem agra\u00efr l&#8217;esfor\u00e7 dels alumnes de l&#8217;escola i l&#8217;organitzaci\u00f3 per part de tots (Ajuntament, Omet, Mestres d&#8217;EF de les escoles&hellip;  <a href=\"https:\/\/agora.xtec.cat\/escola-olivera-santcugat\/primaria\/5e\/bicicletada-19-20\/\" title=\"Read Bicicletada 19-20\">Llegeix m\u00e9s\u00bb<\/a><\/p>\n","protected":false},"author":1,"featured_media":0,"comment_status":"open","ping_status":"closed","sticky":false,"template":"","format":"standard","meta":{"_bbp_topic_count":0,"_bbp_reply_count":0,"_bbp_total_topic_count":0,"_bbp_total_reply_count":0,"_bbp_voice_count":0,"_bbp_anonymous_reply_count":0,"_bbp_topic_count_hidden":0,"_bbp_reply_count_hidden":0,"_bbp_forum_subforum_count":0,"footnotes":""},"categories":[14,15],"tags":[],"class_list":["post-873","post","type-post","status-publish","format-standard","hentry","category-5e","category-6e"],"post_mailing_queue_ids":[],"_links":{"self":[{"href":"https:\/\/agora.xtec.cat\/escola-olivera-santcugat\/wp-json\/wp\/v2\/posts\/873","targetHints":{"allow":["GET"]}}],"collection":[{"href":"https:\/\/agora.xtec.cat\/escola-olivera-santcugat\/wp-json\/wp\/v2\/posts"}],"about":[{"href":"https:\/\/agora.xtec.cat\/escola-olivera-santcugat\/wp-json\/wp\/v2\/types\/post"}],"author":[{"embeddable":true,"href":"https:\/\/agora.xtec.cat\/escola-olivera-santcugat\/wp-json\/wp\/v2\/users\/1"}],"replies":[{"embeddable":true,"href":"https:\/\/agora.xtec.cat\/escola-olivera-santcugat\/wp-json\/wp\/v2\/comments?post=873"}],"version-history":[{"count":1,"href":"https:\/\/agora.xtec.cat\/escola-olivera-santcugat\/wp-json\/wp\/v2\/posts\/873\/revisions"}],"predecessor-version":[{"id":874,"href":"https:\/\/agora.xtec.cat\/escola-olivera-santcugat\/wp-json\/wp\/v2\/posts\/873\/revisions\/874"}],"wp:attachment":[{"href":"https:\/\/agora.xtec.cat\/escola-olivera-santcugat\/wp-json\/wp\/v2\/media?parent=873"}],"wp:term":[{"taxonomy":"category","embeddable":true,"href":"https:\/\/agora.xtec.cat\/escola-olivera-santcugat\/wp-json\/wp\/v2\/categories?post=873"},{"taxonomy":"post_tag","embeddable":true,"href":"https:\/\/agora.xtec.cat\/escola-olivera-santcugat\/wp-json\/wp\/v2\/tags?post=873"}],"curies":[{"name":"wp","href":"https:\/\/api.w.org\/{rel}","templated":true}]}}