{"id":2957,"date":"2025-01-22T13:01:54","date_gmt":"2025-01-22T12:01:54","guid":{"rendered":"https:\/\/agora.xtec.cat\/escola-olivera-santcugat\/?p=2957"},"modified":"2026-02-24T20:31:33","modified_gmt":"2026-02-24T19:31:33","slug":"portes-obertes-preinscipcio-2025-2026","status":"publish","type":"post","link":"https:\/\/agora.xtec.cat\/escola-olivera-santcugat\/general\/portes-obertes-preinscipcio-2025-2026\/","title":{"rendered":"PORTES OBERTES PREINSCRIPCI\u00d3 2026-2027"},"content":{"rendered":"<p><img loading=\"lazy\" decoding=\"async\" class=\"alignleft size-large wp-image-3004\" src=\"https:\/\/agora.xtec.cat\/escola-olivera-santcugat\/wp-content\/uploads\/usu1346\/2025\/01\/Portes-obertes-6-1024x239.png\" alt=\"\" width=\"1024\" height=\"239\" \/>Benvolgudes fam\u00edlies,<\/p>\n<p>tenim moltes ganes de donar-vos a con\u00e8ixer la nostra escola.\u00a0Enguany us proposem venir a visitar-la en petits grups de fam\u00edlies\u00a0<b>el proper dissabte 21 de febrer<\/b>, us hi acompanyarem l&#8217;equip docent.<\/p>\n<p><strong>Si hi voleu assistir,<a href=\"https:\/\/docs.google.com\/forms\/d\/e\/1FAIpQLSe3EhhM4oggJxPYAxCRwF_Ot2QOaNbSHWnADojkmozSndWHSQ\/viewform?usp=header\"> cliqueu a l&#8217;enlla\u00e7<\/a> i apunteu-vos al q\u00fcestionari, ens ajudar\u00e0 a poder-nos organitzar. Vine i tasta! <\/strong><\/p>\n<p>Us hi esperem, \u00e9s una bonica oportunitat per con\u00e8ixer el nostre projecte i l&#8217;equip hum\u00e0 que el duem a terme dia a dia. <u>Us podeu inscriure fins el divendres 13 de febrer.<\/u><\/p>\n<p>Gr\u00e0cies per la confian\u00e7a,<\/p>\n<p>Equip de l&#8217;Escola l&#8217;Olivera<\/p>\n<div>\n<div><\/div>\n<div><\/div>\n<\/div>\n","protected":false},"excerpt":{"rendered":"<p>Benvolgudes fam\u00edlies,<br \/>\ntenim moltes ganes de donar-vos a con\u00e8ixer la nostra escola.\u00a0Enguany us proposem venir a visitar-la en petits grups de fam\u00edlies\u00a0el proper dissabte 21 de febrer, us hi acompanyarem l&#8217;equip docent.<br \/>\nSi hi voleu assistir,<a href=\"https:\/\/docs.google.com\/forms\/d\/e\/1FAIpQLSe3EhhM4oggJxPYAxCRwF_Ot2QOaNbSHWnADojkmozSndWHSQ\/viewform?usp=header\"> cliqueu a l&#8217;enlla\u00e7<\/a> i apunteu-vos al q\u00fcestionari, ens ajudar\u00e0 a&hellip;  <a href=\"https:\/\/agora.xtec.cat\/escola-olivera-santcugat\/general\/portes-obertes-preinscipcio-2025-2026\/\" title=\"Read PORTES OBERTES PREINSCRIPCI\u00d3 2026-2027\">Llegeix m\u00e9s\u00bb<\/a><\/p>\n","protected":false},"author":1,"featured_media":3004,"comment_status":"closed","ping_status":"closed","sticky":false,"template":"","format":"standard","meta":{"_bbp_topic_count":0,"_bbp_reply_count":0,"_bbp_total_topic_count":0,"_bbp_total_reply_count":0,"_bbp_voice_count":0,"_bbp_anonymous_reply_count":0,"_bbp_topic_count_hidden":0,"_bbp_reply_count_hidden":0,"_bbp_forum_subforum_count":0,"footnotes":""},"categories":[1],"tags":[],"class_list":["post-2957","post","type-post","status-publish","format-standard","has-post-thumbnail","hentry","category-general"],"post_mailing_queue_ids":[],"_links":{"self":[{"href":"https:\/\/agora.xtec.cat\/escola-olivera-santcugat\/wp-json\/wp\/v2\/posts\/2957","targetHints":{"allow":["GET"]}}],"collection":[{"href":"https:\/\/agora.xtec.cat\/escola-olivera-santcugat\/wp-json\/wp\/v2\/posts"}],"about":[{"href":"https:\/\/agora.xtec.cat\/escola-olivera-santcugat\/wp-json\/wp\/v2\/types\/post"}],"author":[{"embeddable":true,"href":"https:\/\/agora.xtec.cat\/escola-olivera-santcugat\/wp-json\/wp\/v2\/users\/1"}],"replies":[{"embeddable":true,"href":"https:\/\/agora.xtec.cat\/escola-olivera-santcugat\/wp-json\/wp\/v2\/comments?post=2957"}],"version-history":[{"count":6,"href":"https:\/\/agora.xtec.cat\/escola-olivera-santcugat\/wp-json\/wp\/v2\/posts\/2957\/revisions"}],"predecessor-version":[{"id":3005,"href":"https:\/\/agora.xtec.cat\/escola-olivera-santcugat\/wp-json\/wp\/v2\/posts\/2957\/revisions\/3005"}],"wp:featuredmedia":[{"embeddable":true,"href":"https:\/\/agora.xtec.cat\/escola-olivera-santcugat\/wp-json\/wp\/v2\/media\/3004"}],"wp:attachment":[{"href":"https:\/\/agora.xtec.cat\/escola-olivera-santcugat\/wp-json\/wp\/v2\/media?parent=2957"}],"wp:term":[{"taxonomy":"category","embeddable":true,"href":"https:\/\/agora.xtec.cat\/escola-olivera-santcugat\/wp-json\/wp\/v2\/categories?post=2957"},{"taxonomy":"post_tag","embeddable":true,"href":"https:\/\/agora.xtec.cat\/escola-olivera-santcugat\/wp-json\/wp\/v2\/tags?post=2957"}],"curies":[{"name":"wp","href":"https:\/\/api.w.org\/{rel}","templated":true}]}}