{"id":2802,"date":"2023-07-03T09:07:01","date_gmt":"2023-07-03T07:07:01","guid":{"rendered":"https:\/\/agora.xtec.cat\/escola-olivera-santcugat\/?p=2802"},"modified":"2026-01-21T10:56:02","modified_gmt":"2026-01-21T09:56:02","slug":"aprenem-a-parlar-parlant","status":"publish","type":"post","link":"https:\/\/agora.xtec.cat\/escola-olivera-santcugat\/general\/aprenem-a-parlar-parlant\/","title":{"rendered":"Aprenem a parlar parlant!"},"content":{"rendered":"<p data-pm-slice=\"1 1 []\"><span style=\"font-family: inherit; font-size: 1em;\">Us compartim infografies que recullen <strong>recomanacions i consells per estimular el llenguatge des de casa<\/strong>: <\/span><strong style=\"font-family: inherit; font-size: 1em;\"><em>aprenem a parlar parlant<\/em><\/strong><span style=\"font-family: inherit; font-size: 1em;\">.<\/span><\/p>\n<p data-pm-slice=\"1 1 []\"><iframe loading=\"lazy\" src=\"https:\/\/drive.google.com\/file\/d\/1hYXGNDGDsUYaIyTJIPVZzHzWdYoxYCXK\/preview\" width=\"640\" height=\"480\"><\/iframe><\/p>\n<p><iframe loading=\"lazy\" src=\"https:\/\/drive.google.com\/file\/d\/1C1sFLEfhclF8w5YX3Amt3FiUJ6bhNBCM\/preview\" width=\"640\" height=\"480\"><\/iframe><\/p>\n<p>Aquest treball ha estat possible gr\u00e0cies a la cooperaci\u00f3 del departament d&#8217;Educaci\u00f3 Inclusiva juntament amb el CREDA Jordi Perell\u00f3.<\/p>\n<p>Escola l&#8217;Olivera<\/p>\n","protected":false},"excerpt":{"rendered":"<p>Us compartim infografies que recullen recomanacions i consells per estimular el llenguatge des de casa: aprenem a parlar parlant.<\/p>\n<p>Aquest treball ha estat possible gr\u00e0cies a la cooperaci\u00f3 del departament d&#8217;Educaci\u00f3 Inclusiva juntament amb el CREDA Jordi Perell\u00f3.<br \/>\nEscola l&#8217;Olivera<\/p>\n","protected":false},"author":1,"featured_media":2804,"comment_status":"closed","ping_status":"closed","sticky":false,"template":"","format":"standard","meta":{"_bbp_topic_count":0,"_bbp_reply_count":0,"_bbp_total_topic_count":0,"_bbp_total_reply_count":0,"_bbp_voice_count":0,"_bbp_anonymous_reply_count":0,"_bbp_topic_count_hidden":0,"_bbp_reply_count_hidden":0,"_bbp_forum_subforum_count":0,"footnotes":""},"categories":[1],"tags":[],"class_list":["post-2802","post","type-post","status-publish","format-standard","has-post-thumbnail","hentry","category-general"],"post_mailing_queue_ids":[],"_links":{"self":[{"href":"https:\/\/agora.xtec.cat\/escola-olivera-santcugat\/wp-json\/wp\/v2\/posts\/2802","targetHints":{"allow":["GET"]}}],"collection":[{"href":"https:\/\/agora.xtec.cat\/escola-olivera-santcugat\/wp-json\/wp\/v2\/posts"}],"about":[{"href":"https:\/\/agora.xtec.cat\/escola-olivera-santcugat\/wp-json\/wp\/v2\/types\/post"}],"author":[{"embeddable":true,"href":"https:\/\/agora.xtec.cat\/escola-olivera-santcugat\/wp-json\/wp\/v2\/users\/1"}],"replies":[{"embeddable":true,"href":"https:\/\/agora.xtec.cat\/escola-olivera-santcugat\/wp-json\/wp\/v2\/comments?post=2802"}],"version-history":[{"count":4,"href":"https:\/\/agora.xtec.cat\/escola-olivera-santcugat\/wp-json\/wp\/v2\/posts\/2802\/revisions"}],"predecessor-version":[{"id":2940,"href":"https:\/\/agora.xtec.cat\/escola-olivera-santcugat\/wp-json\/wp\/v2\/posts\/2802\/revisions\/2940"}],"wp:featuredmedia":[{"embeddable":true,"href":"https:\/\/agora.xtec.cat\/escola-olivera-santcugat\/wp-json\/wp\/v2\/media\/2804"}],"wp:attachment":[{"href":"https:\/\/agora.xtec.cat\/escola-olivera-santcugat\/wp-json\/wp\/v2\/media?parent=2802"}],"wp:term":[{"taxonomy":"category","embeddable":true,"href":"https:\/\/agora.xtec.cat\/escola-olivera-santcugat\/wp-json\/wp\/v2\/categories?post=2802"},{"taxonomy":"post_tag","embeddable":true,"href":"https:\/\/agora.xtec.cat\/escola-olivera-santcugat\/wp-json\/wp\/v2\/tags?post=2802"}],"curies":[{"name":"wp","href":"https:\/\/api.w.org\/{rel}","templated":true}]}}