{"id":1915,"date":"2022-05-09T12:58:36","date_gmt":"2022-05-09T10:58:36","guid":{"rendered":"https:\/\/agora.xtec.cat\/escola-olivera-santcugat\/?p=1915"},"modified":"2022-05-09T12:58:36","modified_gmt":"2022-05-09T10:58:36","slug":"numero-de-desempat-preinscripcio-curs-22-23","status":"publish","type":"post","link":"https:\/\/agora.xtec.cat\/escola-olivera-santcugat\/general\/numero-de-desempat-preinscripcio-curs-22-23\/","title":{"rendered":"N\u00famero de desempat preinscripci\u00f3 curs 22-23"},"content":{"rendered":"<p>Benvolgudes fam\u00edlies,<\/p>\n<p>compartim el n\u00famero de desempat del sorteig del proc\u00e9s de preinscripci\u00f3 del curs 22-23 per l&#8217;educaci\u00f3 infantil, prim\u00e0ria i secund\u00e0ria obligat\u00f2ria: <strong>1013.\u00a0<\/strong><\/p>\n<p><a href=\"https:\/\/agora.xtec.cat\/escola-olivera-santcugat\/wp-content\/uploads\/usu1346\/2022\/05\/numero-de-sorteig-1.png\"><img loading=\"lazy\" decoding=\"async\" class=\"alignnone size-large wp-image-1917\" src=\"https:\/\/agora.xtec.cat\/escola-olivera-santcugat\/wp-content\/uploads\/usu1346\/2022\/05\/numero-de-sorteig-1-1024x234.png\" alt=\"\" width=\"1024\" height=\"234\" srcset=\"https:\/\/agora.xtec.cat\/escola-olivera-santcugat\/wp-content\/uploads\/usu1346\/2022\/05\/numero-de-sorteig-1-1024x234.png 1024w, https:\/\/agora.xtec.cat\/escola-olivera-santcugat\/wp-content\/uploads\/usu1346\/2022\/05\/numero-de-sorteig-1-300x69.png 300w, https:\/\/agora.xtec.cat\/escola-olivera-santcugat\/wp-content\/uploads\/usu1346\/2022\/05\/numero-de-sorteig-1-768x176.png 768w, https:\/\/agora.xtec.cat\/escola-olivera-santcugat\/wp-content\/uploads\/usu1346\/2022\/05\/numero-de-sorteig-1.png 1350w\" sizes=\"auto, (max-width: 1024px) 100vw, 1024px\" \/><\/a><\/p>\n<p>&nbsp;<\/p>\n<p>Seguim disponibles al mail a8062641@xtec.cat i al tel\u00e8fon 93 674 27 26.<\/p>\n<p>&nbsp;<\/p>\n<p>Entre totes i tots fem escola,<\/p>\n<p>Escola l&#8217;Olivera<\/p>\n","protected":false},"excerpt":{"rendered":"<p>Benvolgudes fam\u00edlies,<br \/>\ncompartim el n\u00famero de desempat del sorteig del proc\u00e9s de preinscripci\u00f3 del curs 22-23 per l&#8217;educaci\u00f3 infantil, prim\u00e0ria i secund\u00e0ria obligat\u00f2ria: 1013.\u00a0<br \/>\n<a href=\"https:\/\/agora.xtec.cat\/escola-olivera-santcugat\/wp-content\/uploads\/usu1346\/2022\/05\/numero-de-sorteig-1.png\"><\/a><br \/>\n&nbsp;<br \/>\nSeguim disponibles al mail a8062641@xtec.cat i al tel\u00e8fon 93 674 27 26.<br \/>\n&nbsp;<br \/>\nEntre totes i tots fem escola,<br \/>\nEscola l&#8217;Olivera<\/p>\n","protected":false},"author":1,"featured_media":1916,"comment_status":"open","ping_status":"closed","sticky":false,"template":"","format":"standard","meta":{"_bbp_topic_count":0,"_bbp_reply_count":0,"_bbp_total_topic_count":0,"_bbp_total_reply_count":0,"_bbp_voice_count":0,"_bbp_anonymous_reply_count":0,"_bbp_topic_count_hidden":0,"_bbp_reply_count_hidden":0,"_bbp_forum_subforum_count":0,"footnotes":""},"categories":[1,64],"tags":[],"class_list":["post-1915","post","type-post","status-publish","format-standard","has-post-thumbnail","hentry","category-general","category-preinscripcio-i-matricula-2022-2023"],"post_mailing_queue_ids":[],"_links":{"self":[{"href":"https:\/\/agora.xtec.cat\/escola-olivera-santcugat\/wp-json\/wp\/v2\/posts\/1915","targetHints":{"allow":["GET"]}}],"collection":[{"href":"https:\/\/agora.xtec.cat\/escola-olivera-santcugat\/wp-json\/wp\/v2\/posts"}],"about":[{"href":"https:\/\/agora.xtec.cat\/escola-olivera-santcugat\/wp-json\/wp\/v2\/types\/post"}],"author":[{"embeddable":true,"href":"https:\/\/agora.xtec.cat\/escola-olivera-santcugat\/wp-json\/wp\/v2\/users\/1"}],"replies":[{"embeddable":true,"href":"https:\/\/agora.xtec.cat\/escola-olivera-santcugat\/wp-json\/wp\/v2\/comments?post=1915"}],"version-history":[{"count":1,"href":"https:\/\/agora.xtec.cat\/escola-olivera-santcugat\/wp-json\/wp\/v2\/posts\/1915\/revisions"}],"predecessor-version":[{"id":1918,"href":"https:\/\/agora.xtec.cat\/escola-olivera-santcugat\/wp-json\/wp\/v2\/posts\/1915\/revisions\/1918"}],"wp:featuredmedia":[{"embeddable":true,"href":"https:\/\/agora.xtec.cat\/escola-olivera-santcugat\/wp-json\/wp\/v2\/media\/1916"}],"wp:attachment":[{"href":"https:\/\/agora.xtec.cat\/escola-olivera-santcugat\/wp-json\/wp\/v2\/media?parent=1915"}],"wp:term":[{"taxonomy":"category","embeddable":true,"href":"https:\/\/agora.xtec.cat\/escola-olivera-santcugat\/wp-json\/wp\/v2\/categories?post=1915"},{"taxonomy":"post_tag","embeddable":true,"href":"https:\/\/agora.xtec.cat\/escola-olivera-santcugat\/wp-json\/wp\/v2\/tags?post=1915"}],"curies":[{"name":"wp","href":"https:\/\/api.w.org\/{rel}","templated":true}]}}