{"id":1904,"date":"2022-03-07T11:13:33","date_gmt":"2022-03-07T10:13:33","guid":{"rendered":"https:\/\/agora.xtec.cat\/escola-olivera-santcugat\/?p=1904"},"modified":"2023-01-19T13:57:56","modified_gmt":"2023-01-19T12:57:56","slug":"publicacio-de-loferta-inicial-de-places","status":"publish","type":"post","link":"https:\/\/agora.xtec.cat\/escola-olivera-santcugat\/general\/publicacio-de-loferta-inicial-de-places\/","title":{"rendered":"Publicaci\u00f3 de l&#8217;oferta inicial de places"},"content":{"rendered":"<p>Benvolgudes fam\u00edlies,<\/p>\n<p>publiquem l&#8217;oferta inicial de places pel proper curs 22-23.<\/p>\n<blockquote><p><strong><a href=\"https:\/\/agora.xtec.cat\/escola-olivera-santcugat\/wp-content\/uploads\/usu1346\/2022\/03\/INFORME_OFERTA_OME_INFORME_OFERTA-4.pdf\">INFORME_OFERTA_OME_INFORME_OFERTA<\/a><\/strong><\/p><\/blockquote>\n<p>&nbsp;<\/p>\n<p>Aprofitem per recordar que avui inicia el proc\u00e9s de preinscripci\u00f3 de segon cicle d&#8217;educaci\u00f3 infantil i prim\u00e0ria.<\/p>\n<p>&nbsp;<\/p>\n<p>Seguim disponibles al:<\/p>\n<blockquote><p>a8062641@xtec.cat<\/p>\n<p>93 674 27 26.<\/p><\/blockquote>\n<p>&nbsp;<\/p>\n<p>Salutacions,<\/p>\n<p>Escola l&#8217;Olivera<\/p>\n","protected":false},"excerpt":{"rendered":"<p>Benvolgudes fam\u00edlies,<br \/>\npubliquem l&#8217;oferta inicial de places pel proper curs 22-23.<br \/>\n<a href=\"https:\/\/agora.xtec.cat\/escola-olivera-santcugat\/wp-content\/uploads\/usu1346\/2022\/03\/INFORME_OFERTA_OME_INFORME_OFERTA-4.pdf\">INFORME_OFERTA_OME_INFORME_OFERTA<\/a><br \/>\n&nbsp;<br \/>\nAprofitem per recordar que avui inicia el proc\u00e9s de preinscripci\u00f3 de segon cicle d&#8217;educaci\u00f3 infantil i prim\u00e0ria.<br \/>\n&nbsp;<br \/>\nSeguim disponibles al:<br \/>\na8062641@xtec.cat<br \/>\n93 674 27 26.<br \/>\n&nbsp;<br \/>\nSalutacions,<br \/>\nEscola l&#8217;Olivera<\/p>\n","protected":false},"author":1,"featured_media":0,"comment_status":"open","ping_status":"closed","sticky":false,"template":"","format":"standard","meta":{"_bbp_topic_count":0,"_bbp_reply_count":0,"_bbp_total_topic_count":0,"_bbp_total_reply_count":0,"_bbp_voice_count":0,"_bbp_anonymous_reply_count":0,"_bbp_topic_count_hidden":0,"_bbp_reply_count_hidden":0,"_bbp_forum_subforum_count":0,"footnotes":""},"categories":[1],"tags":[],"class_list":["post-1904","post","type-post","status-publish","format-standard","hentry","category-general"],"post_mailing_queue_ids":[],"_links":{"self":[{"href":"https:\/\/agora.xtec.cat\/escola-olivera-santcugat\/wp-json\/wp\/v2\/posts\/1904","targetHints":{"allow":["GET"]}}],"collection":[{"href":"https:\/\/agora.xtec.cat\/escola-olivera-santcugat\/wp-json\/wp\/v2\/posts"}],"about":[{"href":"https:\/\/agora.xtec.cat\/escola-olivera-santcugat\/wp-json\/wp\/v2\/types\/post"}],"author":[{"embeddable":true,"href":"https:\/\/agora.xtec.cat\/escola-olivera-santcugat\/wp-json\/wp\/v2\/users\/1"}],"replies":[{"embeddable":true,"href":"https:\/\/agora.xtec.cat\/escola-olivera-santcugat\/wp-json\/wp\/v2\/comments?post=1904"}],"version-history":[{"count":1,"href":"https:\/\/agora.xtec.cat\/escola-olivera-santcugat\/wp-json\/wp\/v2\/posts\/1904\/revisions"}],"predecessor-version":[{"id":1906,"href":"https:\/\/agora.xtec.cat\/escola-olivera-santcugat\/wp-json\/wp\/v2\/posts\/1904\/revisions\/1906"}],"wp:attachment":[{"href":"https:\/\/agora.xtec.cat\/escola-olivera-santcugat\/wp-json\/wp\/v2\/media?parent=1904"}],"wp:term":[{"taxonomy":"category","embeddable":true,"href":"https:\/\/agora.xtec.cat\/escola-olivera-santcugat\/wp-json\/wp\/v2\/categories?post=1904"},{"taxonomy":"post_tag","embeddable":true,"href":"https:\/\/agora.xtec.cat\/escola-olivera-santcugat\/wp-json\/wp\/v2\/tags?post=1904"}],"curies":[{"name":"wp","href":"https:\/\/api.w.org\/{rel}","templated":true}]}}