{"id":1896,"date":"2023-01-20T11:37:56","date_gmt":"2023-01-20T10:37:56","guid":{"rendered":"https:\/\/agora.xtec.cat\/escola-olivera-santcugat\/?p=1896"},"modified":"2023-01-20T11:37:56","modified_gmt":"2023-01-20T10:37:56","slug":"carnestoltes-lliure-destereotips","status":"publish","type":"post","link":"https:\/\/agora.xtec.cat\/escola-olivera-santcugat\/general\/carnestoltes-lliure-destereotips\/","title":{"rendered":"Carnestoltes lliure d&#8217;estereotips"},"content":{"rendered":"<p>Des de la comissi\u00f3 mixta de coeducaci\u00f3 volem convidar a reflexionar sobre un <strong>Carnestoltes lliure d\u2019estereotips<\/strong>. Per aix\u00f2 hem preparat unes reflexions adre\u00e7ades a les fam\u00edlies:<\/p>\n<blockquote><p>Alguns aspectes a tenir en compte a l&#8217;hora d&#8217;escollir disfressa:<br \/>\n\u00b7 <strong>Descartar aquelles que suposin una \u201c<em>hipersexualitzaci\u00f3<\/em>\u201d<\/strong>\u00a0que afecta, en molts casos, a nenes i adolescents. Per exemple, les disfresses que existeixen en dues versions: la tem\u00e0tica per als nens i la \u201c<em>sexy<\/em>\u201d per a les nenes.<br \/>\n\u00b7 <strong>Ser conscients que el sexisme tamb\u00e9 es manifesta amb el g\u00e8nere de les disfresses<\/strong>: normalment els bombers, astronautes i metges estan representats per nens, mentre que les nenes protagonitzen les disfresses d\u2019infermera o animadora.<\/p>\n<p><strong>L\u2019ideal \u00e9s..<\/strong><br \/>\n<strong>\u00b7 Que les disfresses puguin ser utilitzades indistintament<\/strong>\u00a0per nenes i per nens.<br \/>\n<strong>\u00b7 Que desenvolupin la imaginaci\u00f3 i afavoreixin la creativitat<\/strong>. La millor disfressa \u00e9s, possiblement, la que fabriqueu vosaltres tenint en compte les fantasies i somnis de les nenes i els nens.<br \/>\n<strong>\u00b7 Que permetin que la nena i el nen estiguin tranquils amb la disfressa que volen<\/strong>. Tant si un nen es vol disfressar de princesa com si una nena vol anar de spiderman.<\/p><\/blockquote>\n<p>&nbsp;<\/p>\n<p>Viu el carnaval lliure de rols i estereotips sexistes!<\/p>\n<p>&nbsp;<\/p>\n<p>Comissi\u00f3 mixta de coeducaci\u00f3<\/p>\n","protected":false},"excerpt":{"rendered":"<p>Des de la comissi\u00f3 mixta de coeducaci\u00f3 volem convidar a reflexionar sobre un Carnestoltes lliure d\u2019estereotips. Per aix\u00f2 hem preparat unes reflexions adre\u00e7ades a les fam\u00edlies:<br \/>\nAlguns aspectes a tenir en compte a l&#8217;hora d&#8217;escollir disfressa:<br \/>\n\u00b7 Descartar aquelles que suposin una \u201chipersexualitzaci\u00f3\u201d\u00a0que afecta, en molts casos,&hellip;  <a href=\"https:\/\/agora.xtec.cat\/escola-olivera-santcugat\/general\/carnestoltes-lliure-destereotips\/\" title=\"Read Carnestoltes lliure d&#8217;estereotips\">Llegeix m\u00e9s\u00bb<\/a><\/p>\n","protected":false},"author":1,"featured_media":0,"comment_status":"open","ping_status":"closed","sticky":false,"template":"","format":"standard","meta":{"_bbp_topic_count":0,"_bbp_reply_count":0,"_bbp_total_topic_count":0,"_bbp_total_reply_count":0,"_bbp_voice_count":0,"_bbp_anonymous_reply_count":0,"_bbp_topic_count_hidden":0,"_bbp_reply_count_hidden":0,"_bbp_forum_subforum_count":0,"footnotes":""},"categories":[1],"tags":[],"class_list":["post-1896","post","type-post","status-publish","format-standard","hentry","category-general"],"post_mailing_queue_ids":[],"_links":{"self":[{"href":"https:\/\/agora.xtec.cat\/escola-olivera-santcugat\/wp-json\/wp\/v2\/posts\/1896","targetHints":{"allow":["GET"]}}],"collection":[{"href":"https:\/\/agora.xtec.cat\/escola-olivera-santcugat\/wp-json\/wp\/v2\/posts"}],"about":[{"href":"https:\/\/agora.xtec.cat\/escola-olivera-santcugat\/wp-json\/wp\/v2\/types\/post"}],"author":[{"embeddable":true,"href":"https:\/\/agora.xtec.cat\/escola-olivera-santcugat\/wp-json\/wp\/v2\/users\/1"}],"replies":[{"embeddable":true,"href":"https:\/\/agora.xtec.cat\/escola-olivera-santcugat\/wp-json\/wp\/v2\/comments?post=1896"}],"version-history":[{"count":1,"href":"https:\/\/agora.xtec.cat\/escola-olivera-santcugat\/wp-json\/wp\/v2\/posts\/1896\/revisions"}],"predecessor-version":[{"id":1897,"href":"https:\/\/agora.xtec.cat\/escola-olivera-santcugat\/wp-json\/wp\/v2\/posts\/1896\/revisions\/1897"}],"wp:attachment":[{"href":"https:\/\/agora.xtec.cat\/escola-olivera-santcugat\/wp-json\/wp\/v2\/media?parent=1896"}],"wp:term":[{"taxonomy":"category","embeddable":true,"href":"https:\/\/agora.xtec.cat\/escola-olivera-santcugat\/wp-json\/wp\/v2\/categories?post=1896"},{"taxonomy":"post_tag","embeddable":true,"href":"https:\/\/agora.xtec.cat\/escola-olivera-santcugat\/wp-json\/wp\/v2\/tags?post=1896"}],"curies":[{"name":"wp","href":"https:\/\/api.w.org\/{rel}","templated":true}]}}