{"id":1890,"date":"2022-02-07T10:53:07","date_gmt":"2022-02-07T09:53:07","guid":{"rendered":"https:\/\/agora.xtec.cat\/escola-olivera-santcugat\/?p=1890"},"modified":"2026-01-21T11:00:47","modified_gmt":"2026-01-21T10:00:47","slug":"preinscripcio-2022-2023","status":"publish","type":"post","link":"https:\/\/agora.xtec.cat\/escola-olivera-santcugat\/general\/preinscripcio-2022-2023\/","title":{"rendered":"Preinscripci\u00f3 i matr\u00edcula 2026-2027"},"content":{"rendered":"<p>Benvolgudes fam\u00edlies,<\/p>\n<p>En aquest apartat trobareu informaci\u00f3 referent a la preinscripci\u00f3 del curs 2026-2027 de la <a href=\"https:\/\/preinscripcio.gencat.cat\/ca\/inici\">Web del Departament d&#8217;Educaci\u00f3<\/a> i l&#8217;<a href=\"https:\/\/www.santcugat.cat\/web\/centres-educatius\">Oficina Municipal d&#8217;Escolaritzaci\u00f3 (OME).<\/a><\/p>\n<p>El <strong>calendari<\/strong> de preinscripci\u00f3 i matr\u00edcula del segon cicle d&#8217;Educaci\u00f3 Infantil i Educaci\u00f3 Prim\u00e0ria \u00e9s el seg\u00fcent:<\/p>\n<ul>\n<li><span style=\"text-decoration: underline;\">Presentaci\u00f3 de sol\u00b7licituds<\/span>:\n<ul>\n<li>Educaci\u00f3 Infantil (3-6 anys) i educaci\u00f3 prim\u00e0ria: <strong>del 4 al 18 de mar\u00e7 de 2026<\/strong><\/li>\n<li>Educaci\u00f3 Secund\u00e0ria Obligat\u00f2ria: <strong>del 6 al 18 de mar\u00e7 de 2026<\/strong><\/li>\n<\/ul>\n<\/li>\n<\/ul>\n<p>Amb el canvi de zonificaci\u00f3 a la nostra poblaci\u00f3, l&#8217;escola pertany a la<strong> Zona 3.<\/strong> Podeu veure el seg\u00fcent mapa.<\/p>\n<blockquote><p><strong>MAPA ZONES<\/strong><br \/>\n<iframe loading=\"lazy\" src=\"https:\/\/drive.google.com\/file\/d\/1Hy9K7rrdsOSup8kh4r5YZN47F-EIVP1b\/preview\" width=\"800\" height=\"700\"><\/iframe><\/p>\n<p><strong>GU\u00cdA DE CENTRES<\/strong><\/p>\n<p><iframe loading=\"lazy\" src=\"https:\/\/drive.google.com\/file\/d\/1jbnP-fufVqicTdzvZxNblCZrtVabW7DX\/preview\" width=\"640\" height=\"480\"><\/iframe><\/p><\/blockquote>\n<p>&nbsp;<\/p>\n","protected":false},"excerpt":{"rendered":"<p>Benvolgudes fam\u00edlies,<br \/>\nEn aquest apartat trobareu informaci\u00f3 referent a la preinscripci\u00f3 del curs 2026-2027 de la <a href=\"https:\/\/preinscripcio.gencat.cat\/ca\/inici\">Web del Departament d&#8217;Educaci\u00f3<\/a> i l&#8217;<a href=\"https:\/\/www.santcugat.cat\/web\/centres-educatius\">Oficina Municipal d&#8217;Escolaritzaci\u00f3 (OME).<\/a><br \/>\nEl calendari de preinscripci\u00f3 i matr\u00edcula del segon cicle d&#8217;Educaci\u00f3 Infantil i Educaci\u00f3 Prim\u00e0ria \u00e9s el seg\u00fcent:<\/p>\n<ul>\n<li>Presentaci\u00f3 de sol\u00b7licituds:\n<ul>\n<li>Educaci\u00f3 Infantil&hellip;  <a href=\"https:\/\/agora.xtec.cat\/escola-olivera-santcugat\/general\/preinscripcio-2022-2023\/\" title=\"Read Preinscripci\u00f3 i matr\u00edcula 2026-2027\">Llegeix m\u00e9s\u00bb<\/a><br \/>\n","protected":false},"author":1,"featured_media":0,"comment_status":"closed","ping_status":"closed","sticky":false,"template":"","format":"standard","meta":{"_bbp_topic_count":0,"_bbp_reply_count":0,"_bbp_total_topic_count":0,"_bbp_total_reply_count":0,"_bbp_voice_count":0,"_bbp_anonymous_reply_count":0,"_bbp_topic_count_hidden":0,"_bbp_reply_count_hidden":0,"_bbp_forum_subforum_count":0,"footnotes":""},"categories":[1,4,64],"tags":[],"class_list":["post-1890","post","type-post","status-publish","format-standard","hentry","category-general","category-portada","category-preinscripcio-i-matricula-2022-2023"],"post_mailing_queue_ids":[],"_links":{"self":[{"href":"https:\/\/agora.xtec.cat\/escola-olivera-santcugat\/wp-json\/wp\/v2\/posts\/1890","targetHints":{"allow":["GET"]}}],"collection":[{"href":"https:\/\/agora.xtec.cat\/escola-olivera-santcugat\/wp-json\/wp\/v2\/posts"}],"about":[{"href":"https:\/\/agora.xtec.cat\/escola-olivera-santcugat\/wp-json\/wp\/v2\/types\/post"}],"author":[{"embeddable":true,"href":"https:\/\/agora.xtec.cat\/escola-olivera-santcugat\/wp-json\/wp\/v2\/users\/1"}],"replies":[{"embeddable":true,"href":"https:\/\/agora.xtec.cat\/escola-olivera-santcugat\/wp-json\/wp\/v2\/comments?post=1890"}],"version-history":[{"count":6,"href":"https:\/\/agora.xtec.cat\/escola-olivera-santcugat\/wp-json\/wp\/v2\/posts\/1890\/revisions"}],"predecessor-version":[{"id":3024,"href":"https:\/\/agora.xtec.cat\/escola-olivera-santcugat\/wp-json\/wp\/v2\/posts\/1890\/revisions\/3024"}],"wp:attachment":[{"href":"https:\/\/agora.xtec.cat\/escola-olivera-santcugat\/wp-json\/wp\/v2\/media?parent=1890"}],"wp:term":[{"taxonomy":"category","embeddable":true,"href":"https:\/\/agora.xtec.cat\/escola-olivera-santcugat\/wp-json\/wp\/v2\/categories?post=1890"},{"taxonomy":"post_tag","embeddable":true,"href":"https:\/\/agora.xtec.cat\/escola-olivera-santcugat\/wp-json\/wp\/v2\/tags?post=1890"}],"curies":[{"name":"wp","href":"https:\/\/api.w.org\/{rel}","templated":true}]}}