{"id":1886,"date":"2022-02-04T16:15:26","date_gmt":"2022-02-04T15:15:26","guid":{"rendered":"https:\/\/agora.xtec.cat\/escola-olivera-santcugat\/?p=1886"},"modified":"2023-01-20T11:40:54","modified_gmt":"2023-01-20T10:40:54","slug":"cloenda-del-projecte-planet","status":"publish","type":"post","link":"https:\/\/agora.xtec.cat\/escola-olivera-santcugat\/general\/cloenda-del-projecte-planet\/","title":{"rendered":"Cloenda del projecte plaNET"},"content":{"rendered":"<p>La setmana passada vam celebrar la cloenda del projecte d&#8217;escola 2022 plaNET.<\/p>\n<p>Petits i grans n&#8217;hem gaudit molt juntament amb els i les estudiants de ci\u00e8ncies ambientals de l&#8217;UAB. Hem apr\u00e8s moltes coses noves vers la sostenibilitat: l&#8217;energia, la reutilitzaci\u00f3, l&#8217;alimentaci\u00f3 i la mobilitat. Ens hem comprom\u00e8s a diferents canvis per millorar el nostre planeta!<\/p>\n<p>No us perdeu el recull que hem preparat en forma de <a href=\"https:\/\/drive.google.com\/file\/d\/1w5iPKgBqqiykWgUZfwqwFVyk7YnyCsHg\/view?usp=sharing\">v\u00eddeo<\/a>!<\/p>\n<p>Que tingueu un bon cap de setmana,<\/p>\n<p>Seguim fent escola!<\/p>\n<p>Escola l&#8217;Olivera<\/p>\n","protected":false},"excerpt":{"rendered":"<p>La setmana passada vam celebrar la cloenda del projecte d&#8217;escola 2022 plaNET.<br \/>\nPetits i grans n&#8217;hem gaudit molt juntament amb els i les estudiants de ci\u00e8ncies ambientals de l&#8217;UAB. Hem apr\u00e8s moltes coses noves vers la sostenibilitat: l&#8217;energia, la reutilitzaci\u00f3, l&#8217;alimentaci\u00f3 i la mobilitat. Ens hem&hellip;  <a href=\"https:\/\/agora.xtec.cat\/escola-olivera-santcugat\/general\/cloenda-del-projecte-planet\/\" title=\"Read Cloenda del projecte plaNET\">Llegeix m\u00e9s\u00bb<\/a><\/p>\n","protected":false},"author":1,"featured_media":1889,"comment_status":"open","ping_status":"closed","sticky":false,"template":"","format":"standard","meta":{"_bbp_topic_count":0,"_bbp_reply_count":0,"_bbp_total_topic_count":0,"_bbp_total_reply_count":0,"_bbp_voice_count":0,"_bbp_anonymous_reply_count":0,"_bbp_topic_count_hidden":0,"_bbp_reply_count_hidden":0,"_bbp_forum_subforum_count":0,"footnotes":""},"categories":[1],"tags":[],"class_list":["post-1886","post","type-post","status-publish","format-standard","has-post-thumbnail","hentry","category-general"],"post_mailing_queue_ids":[],"_links":{"self":[{"href":"https:\/\/agora.xtec.cat\/escola-olivera-santcugat\/wp-json\/wp\/v2\/posts\/1886","targetHints":{"allow":["GET"]}}],"collection":[{"href":"https:\/\/agora.xtec.cat\/escola-olivera-santcugat\/wp-json\/wp\/v2\/posts"}],"about":[{"href":"https:\/\/agora.xtec.cat\/escola-olivera-santcugat\/wp-json\/wp\/v2\/types\/post"}],"author":[{"embeddable":true,"href":"https:\/\/agora.xtec.cat\/escola-olivera-santcugat\/wp-json\/wp\/v2\/users\/1"}],"replies":[{"embeddable":true,"href":"https:\/\/agora.xtec.cat\/escola-olivera-santcugat\/wp-json\/wp\/v2\/comments?post=1886"}],"version-history":[{"count":1,"href":"https:\/\/agora.xtec.cat\/escola-olivera-santcugat\/wp-json\/wp\/v2\/posts\/1886\/revisions"}],"predecessor-version":[{"id":1888,"href":"https:\/\/agora.xtec.cat\/escola-olivera-santcugat\/wp-json\/wp\/v2\/posts\/1886\/revisions\/1888"}],"wp:featuredmedia":[{"embeddable":true,"href":"https:\/\/agora.xtec.cat\/escola-olivera-santcugat\/wp-json\/wp\/v2\/media\/1889"}],"wp:attachment":[{"href":"https:\/\/agora.xtec.cat\/escola-olivera-santcugat\/wp-json\/wp\/v2\/media?parent=1886"}],"wp:term":[{"taxonomy":"category","embeddable":true,"href":"https:\/\/agora.xtec.cat\/escola-olivera-santcugat\/wp-json\/wp\/v2\/categories?post=1886"},{"taxonomy":"post_tag","embeddable":true,"href":"https:\/\/agora.xtec.cat\/escola-olivera-santcugat\/wp-json\/wp\/v2\/tags?post=1886"}],"curies":[{"name":"wp","href":"https:\/\/api.w.org\/{rel}","templated":true}]}}