{"id":1666,"date":"2021-02-15T20:34:57","date_gmt":"2021-02-15T19:34:57","guid":{"rendered":"https:\/\/agora.xtec.cat\/escola-olivera-santcugat\/?p=1666"},"modified":"2022-02-07T10:59:35","modified_gmt":"2022-02-07T09:59:35","slug":"preinscripcio-curs-2021-2022","status":"publish","type":"post","link":"https:\/\/agora.xtec.cat\/escola-olivera-santcugat\/general\/preinscripcio-curs-2021-2022\/","title":{"rendered":"Preinscripci\u00f3 curs 2021-2022"},"content":{"rendered":"<p>Benvolgudes fam\u00edlies,<\/p>\n<p>en aquest apartat hi trobareu les informacions actualitzades referent a la preinscripci\u00f3 del curs 2021-2022.<\/p>\n<p>A la <a href=\"http:\/\/queestudiar.gencat.cat\/ca\/index.html\">web Estudiar a Catalunya<\/a> hi trobareu les seg\u00fcents informacions:<\/p>\n<ul>\n<li>Presentaci\u00f3 de la sol\u00b7licitud de preinscripci\u00f3: Educaci\u00f3 infantil de segon cicle i educaci\u00f3 prim\u00e0ria del <strong>15 al 24 de mar\u00e7 de 2021.<\/strong><\/li>\n<\/ul>\n<p>Nova web del Departament d&#8217;Educaci\u00f3: <a href=\"https:\/\/preinscripcio.gencat.cat\/ca\/inici\/\">Preinscripci\u00f3 21-22.<\/a><\/p>\n<p>En aquesta nova web hi trobareu informaci\u00f3 del vostre inter\u00e8s referent al proc\u00e9s de preinscripci\u00f3 i matriculaci\u00f3 del curs 21-22.<\/p>\n<p>&nbsp;<\/p>\n<p>&nbsp;<\/p>\n<p>Us hem preparat un <strong>recull del calendari del proc\u00e9s de preinscripci\u00f3 i matriculaci\u00f3 del curs 21-22:<\/strong><\/p>\n<p><a href=\"https:\/\/agora.xtec.cat\/escola-olivera-santcugat\/wp-content\/uploads\/usu1346\/2021\/02\/2.jpg\"><img loading=\"lazy\" decoding=\"async\" class=\"alignnone size-large wp-image-1692\" src=\"https:\/\/agora.xtec.cat\/escola-olivera-santcugat\/wp-content\/uploads\/usu1346\/2021\/02\/2-724x1024.jpg\" alt=\"\" width=\"724\" height=\"1024\" srcset=\"https:\/\/agora.xtec.cat\/escola-olivera-santcugat\/wp-content\/uploads\/usu1346\/2021\/02\/2-724x1024.jpg 724w, https:\/\/agora.xtec.cat\/escola-olivera-santcugat\/wp-content\/uploads\/usu1346\/2021\/02\/2-212x300.jpg 212w, https:\/\/agora.xtec.cat\/escola-olivera-santcugat\/wp-content\/uploads\/usu1346\/2021\/02\/2-768x1086.jpg 768w, https:\/\/agora.xtec.cat\/escola-olivera-santcugat\/wp-content\/uploads\/usu1346\/2021\/02\/2.jpg 1587w\" sizes=\"auto, (max-width: 724px) 100vw, 724px\" \/><\/a> <a href=\"https:\/\/agora.xtec.cat\/escola-olivera-santcugat\/wp-content\/uploads\/usu1346\/2021\/02\/3.jpg\"><img loading=\"lazy\" decoding=\"async\" class=\"alignnone size-large wp-image-1693\" src=\"https:\/\/agora.xtec.cat\/escola-olivera-santcugat\/wp-content\/uploads\/usu1346\/2021\/02\/3-724x1024.jpg\" alt=\"\" width=\"724\" height=\"1024\" srcset=\"https:\/\/agora.xtec.cat\/escola-olivera-santcugat\/wp-content\/uploads\/usu1346\/2021\/02\/3-724x1024.jpg 724w, https:\/\/agora.xtec.cat\/escola-olivera-santcugat\/wp-content\/uploads\/usu1346\/2021\/02\/3-212x300.jpg 212w, https:\/\/agora.xtec.cat\/escola-olivera-santcugat\/wp-content\/uploads\/usu1346\/2021\/02\/3-768x1086.jpg 768w, https:\/\/agora.xtec.cat\/escola-olivera-santcugat\/wp-content\/uploads\/usu1346\/2021\/02\/3.jpg 1587w\" sizes=\"auto, (max-width: 724px) 100vw, 724px\" \/><\/a> <a href=\"https:\/\/agora.xtec.cat\/escola-olivera-santcugat\/wp-content\/uploads\/usu1346\/2021\/02\/4.jpg\"><img loading=\"lazy\" decoding=\"async\" class=\"alignnone size-large wp-image-1694\" src=\"https:\/\/agora.xtec.cat\/escola-olivera-santcugat\/wp-content\/uploads\/usu1346\/2021\/02\/4-724x1024.jpg\" alt=\"\" width=\"724\" height=\"1024\" srcset=\"https:\/\/agora.xtec.cat\/escola-olivera-santcugat\/wp-content\/uploads\/usu1346\/2021\/02\/4-724x1024.jpg 724w, https:\/\/agora.xtec.cat\/escola-olivera-santcugat\/wp-content\/uploads\/usu1346\/2021\/02\/4-212x300.jpg 212w, https:\/\/agora.xtec.cat\/escola-olivera-santcugat\/wp-content\/uploads\/usu1346\/2021\/02\/4-768x1086.jpg 768w, https:\/\/agora.xtec.cat\/escola-olivera-santcugat\/wp-content\/uploads\/usu1346\/2021\/02\/4.jpg 1587w\" sizes=\"auto, (max-width: 724px) 100vw, 724px\" \/><\/a><\/p>\n<p>&nbsp;<\/p>\n<p>Seguirem actualitzant aquest apartat amb les noves publicacions.<\/p>\n<p>&nbsp;<\/p>\n<p>Per qualsevol cosa, seguim disponibles a:<\/p>\n<blockquote><p>Correu electr\u00f2nic de l&#8217;escola: <strong>a8062641@xtec.cat<\/strong><\/p>\n<p>Tel\u00e8fon de l&#8217;escola de 9 a 16:30h: <strong>93 674 27 26<\/strong><\/p><\/blockquote>\n<p>Salut i escalf,<\/p>\n<p>Escola l&#8217;Olivera<\/p>\n","protected":false},"excerpt":{"rendered":"<p>Benvolgudes fam\u00edlies,<\/p>\n<p>en aquest apartat hi trobareu les informacions actualitzades referent a la preinscripci\u00f3 del curs 2021-2022.<\/p>\n<p>&hellip;  <a href=\"https:\/\/agora.xtec.cat\/escola-olivera-santcugat\/general\/preinscripcio-curs-2021-2022\/\" title=\"Read Preinscripci\u00f3 curs 2021-2022\">Llegeix m\u00e9s\u00bb<\/a><\/p>\n","protected":false},"author":1,"featured_media":1690,"comment_status":"open","ping_status":"closed","sticky":true,"template":"","format":"standard","meta":{"_bbp_topic_count":0,"_bbp_reply_count":0,"_bbp_total_topic_count":0,"_bbp_total_reply_count":0,"_bbp_voice_count":0,"_bbp_anonymous_reply_count":0,"_bbp_topic_count_hidden":0,"_bbp_reply_count_hidden":0,"_bbp_forum_subforum_count":0,"footnotes":""},"categories":[1],"tags":[],"class_list":["post-1666","post","type-post","status-publish","format-standard","has-post-thumbnail","hentry","category-general"],"post_mailing_queue_ids":[],"_links":{"self":[{"href":"https:\/\/agora.xtec.cat\/escola-olivera-santcugat\/wp-json\/wp\/v2\/posts\/1666","targetHints":{"allow":["GET"]}}],"collection":[{"href":"https:\/\/agora.xtec.cat\/escola-olivera-santcugat\/wp-json\/wp\/v2\/posts"}],"about":[{"href":"https:\/\/agora.xtec.cat\/escola-olivera-santcugat\/wp-json\/wp\/v2\/types\/post"}],"author":[{"embeddable":true,"href":"https:\/\/agora.xtec.cat\/escola-olivera-santcugat\/wp-json\/wp\/v2\/users\/1"}],"replies":[{"embeddable":true,"href":"https:\/\/agora.xtec.cat\/escola-olivera-santcugat\/wp-json\/wp\/v2\/comments?post=1666"}],"version-history":[{"count":3,"href":"https:\/\/agora.xtec.cat\/escola-olivera-santcugat\/wp-json\/wp\/v2\/posts\/1666\/revisions"}],"predecessor-version":[{"id":1696,"href":"https:\/\/agora.xtec.cat\/escola-olivera-santcugat\/wp-json\/wp\/v2\/posts\/1666\/revisions\/1696"}],"wp:featuredmedia":[{"embeddable":true,"href":"https:\/\/agora.xtec.cat\/escola-olivera-santcugat\/wp-json\/wp\/v2\/media\/1690"}],"wp:attachment":[{"href":"https:\/\/agora.xtec.cat\/escola-olivera-santcugat\/wp-json\/wp\/v2\/media?parent=1666"}],"wp:term":[{"taxonomy":"category","embeddable":true,"href":"https:\/\/agora.xtec.cat\/escola-olivera-santcugat\/wp-json\/wp\/v2\/categories?post=1666"},{"taxonomy":"post_tag","embeddable":true,"href":"https:\/\/agora.xtec.cat\/escola-olivera-santcugat\/wp-json\/wp\/v2\/tags?post=1666"}],"curies":[{"name":"wp","href":"https:\/\/api.w.org\/{rel}","templated":true}]}}