{"id":1428,"date":"2020-06-10T18:47:06","date_gmt":"2020-06-10T16:47:06","guid":{"rendered":"https:\/\/agora.xtec.cat\/escola-olivera-santcugat\/?p=1428"},"modified":"2023-01-20T11:55:56","modified_gmt":"2023-01-20T10:55:56","slug":"expliquem-el-projecte-de-la-cooperativa-6e-5e-comunitatdegrans","status":"publish","type":"post","link":"https:\/\/agora.xtec.cat\/escola-olivera-santcugat\/general\/expliquem-el-projecte-de-la-cooperativa-6e-5e-comunitatdegrans\/","title":{"rendered":"Expliquem el projecte de la cooperativa #6\u00e8 #5\u00e8 #comunitatdegrans"},"content":{"rendered":"<p>L&#8217;alumnat de sis\u00e8 explica a les seves companyes i companys de cinqu\u00e8 el projecte de la cooperativa.<\/p>\n<p>Ha estat molt engrescador!<\/p>\n<p><a href=\"https:\/\/agora.xtec.cat\/escola-olivera-santcugat\/wp-content\/uploads\/usu1346\/2020\/06\/95ce9e4e-dfb9-409e-a751-06ff56036202.jpg\"><img loading=\"lazy\" decoding=\"async\" class=\"alignnone  wp-image-1429\" src=\"https:\/\/agora.xtec.cat\/escola-olivera-santcugat\/wp-content\/uploads\/usu1346\/2020\/06\/95ce9e4e-dfb9-409e-a751-06ff56036202-1024x522.jpg\" alt=\"\" width=\"672\" height=\"342\" srcset=\"https:\/\/agora.xtec.cat\/escola-olivera-santcugat\/wp-content\/uploads\/usu1346\/2020\/06\/95ce9e4e-dfb9-409e-a751-06ff56036202-1024x522.jpg 1024w, https:\/\/agora.xtec.cat\/escola-olivera-santcugat\/wp-content\/uploads\/usu1346\/2020\/06\/95ce9e4e-dfb9-409e-a751-06ff56036202-300x153.jpg 300w, https:\/\/agora.xtec.cat\/escola-olivera-santcugat\/wp-content\/uploads\/usu1346\/2020\/06\/95ce9e4e-dfb9-409e-a751-06ff56036202-768x391.jpg 768w, https:\/\/agora.xtec.cat\/escola-olivera-santcugat\/wp-content\/uploads\/usu1346\/2020\/06\/95ce9e4e-dfb9-409e-a751-06ff56036202.jpg 1600w\" sizes=\"auto, (max-width: 672px) 100vw, 672px\" \/><\/a><\/p>\n<p>Moltes gr\u00e0cies per la vostra dedicaci\u00f3 i col\u00b7laboraci\u00f3.<\/p>\n<p>Fant\u00e0stic l&#8217;aprenentatge entre iguals!<\/p>\n","protected":false},"excerpt":{"rendered":"<p>L&#8217;alumnat de sis\u00e8 explica a les seves companyes i companys de cinqu\u00e8 el projecte de la cooperativa.<br \/>\nHa estat molt engrescador!<br \/>\n<a href=\"https:\/\/agora.xtec.cat\/escola-olivera-santcugat\/wp-content\/uploads\/usu1346\/2020\/06\/95ce9e4e-dfb9-409e-a751-06ff56036202.jpg\"><\/a><br \/>\nMoltes gr\u00e0cies per la vostra dedicaci\u00f3 i col\u00b7laboraci\u00f3.<br \/>\nFant\u00e0stic l&#8217;aprenentatge entre iguals!<\/p>\n","protected":false},"author":1,"featured_media":0,"comment_status":"open","ping_status":"closed","sticky":false,"template":"","format":"standard","meta":{"_bbp_topic_count":0,"_bbp_reply_count":0,"_bbp_total_topic_count":0,"_bbp_total_reply_count":0,"_bbp_voice_count":0,"_bbp_anonymous_reply_count":0,"_bbp_topic_count_hidden":0,"_bbp_reply_count_hidden":0,"_bbp_forum_subforum_count":0,"footnotes":""},"categories":[1],"tags":[],"class_list":["post-1428","post","type-post","status-publish","format-standard","hentry","category-general"],"post_mailing_queue_ids":[],"_links":{"self":[{"href":"https:\/\/agora.xtec.cat\/escola-olivera-santcugat\/wp-json\/wp\/v2\/posts\/1428","targetHints":{"allow":["GET"]}}],"collection":[{"href":"https:\/\/agora.xtec.cat\/escola-olivera-santcugat\/wp-json\/wp\/v2\/posts"}],"about":[{"href":"https:\/\/agora.xtec.cat\/escola-olivera-santcugat\/wp-json\/wp\/v2\/types\/post"}],"author":[{"embeddable":true,"href":"https:\/\/agora.xtec.cat\/escola-olivera-santcugat\/wp-json\/wp\/v2\/users\/1"}],"replies":[{"embeddable":true,"href":"https:\/\/agora.xtec.cat\/escola-olivera-santcugat\/wp-json\/wp\/v2\/comments?post=1428"}],"version-history":[{"count":1,"href":"https:\/\/agora.xtec.cat\/escola-olivera-santcugat\/wp-json\/wp\/v2\/posts\/1428\/revisions"}],"predecessor-version":[{"id":1430,"href":"https:\/\/agora.xtec.cat\/escola-olivera-santcugat\/wp-json\/wp\/v2\/posts\/1428\/revisions\/1430"}],"wp:attachment":[{"href":"https:\/\/agora.xtec.cat\/escola-olivera-santcugat\/wp-json\/wp\/v2\/media?parent=1428"}],"wp:term":[{"taxonomy":"category","embeddable":true,"href":"https:\/\/agora.xtec.cat\/escola-olivera-santcugat\/wp-json\/wp\/v2\/categories?post=1428"},{"taxonomy":"post_tag","embeddable":true,"href":"https:\/\/agora.xtec.cat\/escola-olivera-santcugat\/wp-json\/wp\/v2\/tags?post=1428"}],"curies":[{"name":"wp","href":"https:\/\/api.w.org\/{rel}","templated":true}]}}