{"id":1400,"date":"2020-05-28T10:32:17","date_gmt":"2020-05-28T08:32:17","guid":{"rendered":"https:\/\/agora.xtec.cat\/escola-olivera-santcugat\/?p=1400"},"modified":"2023-01-20T11:56:37","modified_gmt":"2023-01-20T10:56:37","slug":"el-nostre-nom-acrobates","status":"publish","type":"post","link":"https:\/\/agora.xtec.cat\/escola-olivera-santcugat\/general\/el-nostre-nom-acrobates\/","title":{"rendered":"El nostre nom #acr\u00f2bates"},"content":{"rendered":"<p>Els i les acr\u00f2bates juguem a escriure el nostre nom amb materials de casa,<\/p>\n<p>t&#8217;hi animes?<\/p>\n<p>#P5 #acr\u00f2bates<\/p>\n<p>&nbsp;<\/p>\n<p><a href=\"https:\/\/drive.google.com\/file\/d\/1fbeJ1t9se2aDB71dHpNkDNYLc9rsvPvE\/view?usp=sharing\"><img loading=\"lazy\" decoding=\"async\" class=\"alignnone size-large wp-image-1402\" src=\"https:\/\/agora.xtec.cat\/escola-olivera-santcugat\/wp-content\/uploads\/usu1346\/2020\/05\/Screenshot_2-2-1024x493.png\" alt=\"\" width=\"1024\" height=\"493\" srcset=\"https:\/\/agora.xtec.cat\/escola-olivera-santcugat\/wp-content\/uploads\/usu1346\/2020\/05\/Screenshot_2-2-1024x493.png 1024w, https:\/\/agora.xtec.cat\/escola-olivera-santcugat\/wp-content\/uploads\/usu1346\/2020\/05\/Screenshot_2-2-300x144.png 300w, https:\/\/agora.xtec.cat\/escola-olivera-santcugat\/wp-content\/uploads\/usu1346\/2020\/05\/Screenshot_2-2-768x370.png 768w, https:\/\/agora.xtec.cat\/escola-olivera-santcugat\/wp-content\/uploads\/usu1346\/2020\/05\/Screenshot_2-2.png 1279w\" sizes=\"auto, (max-width: 1024px) 100vw, 1024px\" \/><\/a><\/p>\n<p>Per podere veure el v\u00eddeo cliqueu damunt la imatge o b\u00e9 damunt el seg\u00fcent enlla\u00e7: https:\/\/drive.google.com\/file\/d\/1fbeJ1t9se2aDB71dHpNkDNYLc9rsvPvE\/view?usp=sharing<\/p>\n<p>&nbsp;<\/p>\n<p>Salut i escalf<\/p>\n","protected":false},"excerpt":{"rendered":"<p>Els i les acr\u00f2bates juguem a escriure el nostre nom amb materials de casa,<br \/>\nt&#8217;hi animes?<br \/>\n#P5 #acr\u00f2bates<br \/>\n&nbsp;<br \/>\n<a href=\"https:\/\/drive.google.com\/file\/d\/1fbeJ1t9se2aDB71dHpNkDNYLc9rsvPvE\/view?usp=sharing\"><\/a><br \/>\nPer podere veure el v\u00eddeo cliqueu damunt la imatge o b\u00e9 damunt el seg\u00fcent enlla\u00e7: https:\/\/drive.google.com\/file\/d\/1fbeJ1t9se2aDB71dHpNkDNYLc9rsvPvE\/view?usp=sharing<br \/>\n&nbsp;<br \/>\nSalut i escalf<\/p>\n","protected":false},"author":1,"featured_media":0,"comment_status":"open","ping_status":"closed","sticky":false,"template":"","format":"standard","meta":{"_bbp_topic_count":0,"_bbp_reply_count":0,"_bbp_total_topic_count":0,"_bbp_total_reply_count":0,"_bbp_voice_count":0,"_bbp_anonymous_reply_count":0,"_bbp_topic_count_hidden":0,"_bbp_reply_count_hidden":0,"_bbp_forum_subforum_count":0,"footnotes":""},"categories":[1],"tags":[],"class_list":["post-1400","post","type-post","status-publish","format-standard","hentry","category-general"],"post_mailing_queue_ids":[],"_links":{"self":[{"href":"https:\/\/agora.xtec.cat\/escola-olivera-santcugat\/wp-json\/wp\/v2\/posts\/1400","targetHints":{"allow":["GET"]}}],"collection":[{"href":"https:\/\/agora.xtec.cat\/escola-olivera-santcugat\/wp-json\/wp\/v2\/posts"}],"about":[{"href":"https:\/\/agora.xtec.cat\/escola-olivera-santcugat\/wp-json\/wp\/v2\/types\/post"}],"author":[{"embeddable":true,"href":"https:\/\/agora.xtec.cat\/escola-olivera-santcugat\/wp-json\/wp\/v2\/users\/1"}],"replies":[{"embeddable":true,"href":"https:\/\/agora.xtec.cat\/escola-olivera-santcugat\/wp-json\/wp\/v2\/comments?post=1400"}],"version-history":[{"count":1,"href":"https:\/\/agora.xtec.cat\/escola-olivera-santcugat\/wp-json\/wp\/v2\/posts\/1400\/revisions"}],"predecessor-version":[{"id":1403,"href":"https:\/\/agora.xtec.cat\/escola-olivera-santcugat\/wp-json\/wp\/v2\/posts\/1400\/revisions\/1403"}],"wp:attachment":[{"href":"https:\/\/agora.xtec.cat\/escola-olivera-santcugat\/wp-json\/wp\/v2\/media?parent=1400"}],"wp:term":[{"taxonomy":"category","embeddable":true,"href":"https:\/\/agora.xtec.cat\/escola-olivera-santcugat\/wp-json\/wp\/v2\/categories?post=1400"},{"taxonomy":"post_tag","embeddable":true,"href":"https:\/\/agora.xtec.cat\/escola-olivera-santcugat\/wp-json\/wp\/v2\/tags?post=1400"}],"curies":[{"name":"wp","href":"https:\/\/api.w.org\/{rel}","templated":true}]}}