{"id":1389,"date":"2020-05-24T18:01:26","date_gmt":"2020-05-24T16:01:26","guid":{"rendered":"https:\/\/agora.xtec.cat\/escola-olivera-santcugat\/?p=1389"},"modified":"2023-01-20T11:56:56","modified_gmt":"2023-01-20T10:56:56","slug":"un-conte-magic","status":"publish","type":"post","link":"https:\/\/agora.xtec.cat\/escola-olivera-santcugat\/general\/un-conte-magic\/","title":{"rendered":"Un conte m\u00e0gic"},"content":{"rendered":"<p>Us compartim un conte m\u00e0gic que ens ensenya la import\u00e0ncia de cuidar a les persones que estimem de la mateixa manera que cuidem els arbres perqu\u00e8 creixin.<\/p>\n<p><a href=\"https:\/\/drive.google.com\/file\/d\/1xi1LYodkX-YCeF1GQbEKRaZIoNo45Sd0\/view?usp=sharing\"><img loading=\"lazy\" decoding=\"async\" class=\"wp-image-1390 aligncenter\" src=\"https:\/\/agora.xtec.cat\/escola-olivera-santcugat\/wp-content\/uploads\/usu1346\/2020\/05\/amistat.png\" alt=\"\" width=\"351\" height=\"382\" srcset=\"https:\/\/agora.xtec.cat\/escola-olivera-santcugat\/wp-content\/uploads\/usu1346\/2020\/05\/amistat.png 606w, https:\/\/agora.xtec.cat\/escola-olivera-santcugat\/wp-content\/uploads\/usu1346\/2020\/05\/amistat-276x300.png 276w\" sizes=\"auto, (max-width: 351px) 100vw, 351px\" \/><\/a><\/p>\n<p>Per veure el conte cliqueu damunt la imatge o al seg\u00fcent enlla\u00e7: https:\/\/drive.google.com\/file\/d\/1xi1LYodkX-YCeF1GQbEKRaZIoNo45Sd0\/view?usp=sharing<\/p>\n<p>&nbsp;<\/p>\n<p>Us proposem que despr\u00e9s de veure aquest conte, intenteu crear el vostre propi arbre de l&#8217;amistat amb elements que tingueu a casa.<\/p>\n<p>Ens ensenyes quin arbre tan bonic has creat?<\/p>\n","protected":false},"excerpt":{"rendered":"<p>Us compartim un conte m\u00e0gic que ens ensenya la import\u00e0ncia de cuidar a les persones que estimem de la mateixa manera que cuidem els arbres perqu\u00e8 creixin.<br \/>\n<a href=\"https:\/\/drive.google.com\/file\/d\/1xi1LYodkX-YCeF1GQbEKRaZIoNo45Sd0\/view?usp=sharing\"><\/a><br \/>\nPer veure el conte cliqueu damunt la imatge o al seg\u00fcent enlla\u00e7: https:\/\/drive.google.com\/file\/d\/1xi1LYodkX-YCeF1GQbEKRaZIoNo45Sd0\/view?usp=sharing<br \/>\n&nbsp;<br \/>\nUs proposem que despr\u00e9s de veure&hellip;  <a href=\"https:\/\/agora.xtec.cat\/escola-olivera-santcugat\/general\/un-conte-magic\/\" title=\"Read Un conte m\u00e0gic\">Llegeix m\u00e9s\u00bb<\/a><\/p>\n","protected":false},"author":1,"featured_media":0,"comment_status":"open","ping_status":"closed","sticky":false,"template":"","format":"standard","meta":{"_bbp_topic_count":0,"_bbp_reply_count":0,"_bbp_total_topic_count":0,"_bbp_total_reply_count":0,"_bbp_voice_count":0,"_bbp_anonymous_reply_count":0,"_bbp_topic_count_hidden":0,"_bbp_reply_count_hidden":0,"_bbp_forum_subforum_count":0,"footnotes":""},"categories":[1,9],"tags":[],"class_list":["post-1389","post","type-post","status-publish","format-standard","hentry","category-general","category-i5"],"post_mailing_queue_ids":[],"_links":{"self":[{"href":"https:\/\/agora.xtec.cat\/escola-olivera-santcugat\/wp-json\/wp\/v2\/posts\/1389","targetHints":{"allow":["GET"]}}],"collection":[{"href":"https:\/\/agora.xtec.cat\/escola-olivera-santcugat\/wp-json\/wp\/v2\/posts"}],"about":[{"href":"https:\/\/agora.xtec.cat\/escola-olivera-santcugat\/wp-json\/wp\/v2\/types\/post"}],"author":[{"embeddable":true,"href":"https:\/\/agora.xtec.cat\/escola-olivera-santcugat\/wp-json\/wp\/v2\/users\/1"}],"replies":[{"embeddable":true,"href":"https:\/\/agora.xtec.cat\/escola-olivera-santcugat\/wp-json\/wp\/v2\/comments?post=1389"}],"version-history":[{"count":1,"href":"https:\/\/agora.xtec.cat\/escola-olivera-santcugat\/wp-json\/wp\/v2\/posts\/1389\/revisions"}],"predecessor-version":[{"id":1391,"href":"https:\/\/agora.xtec.cat\/escola-olivera-santcugat\/wp-json\/wp\/v2\/posts\/1389\/revisions\/1391"}],"wp:attachment":[{"href":"https:\/\/agora.xtec.cat\/escola-olivera-santcugat\/wp-json\/wp\/v2\/media?parent=1389"}],"wp:term":[{"taxonomy":"category","embeddable":true,"href":"https:\/\/agora.xtec.cat\/escola-olivera-santcugat\/wp-json\/wp\/v2\/categories?post=1389"},{"taxonomy":"post_tag","embeddable":true,"href":"https:\/\/agora.xtec.cat\/escola-olivera-santcugat\/wp-json\/wp\/v2\/tags?post=1389"}],"curies":[{"name":"wp","href":"https:\/\/api.w.org\/{rel}","templated":true}]}}