{"id":1340,"date":"2020-05-08T09:33:10","date_gmt":"2020-05-08T07:33:10","guid":{"rendered":"https:\/\/agora.xtec.cat\/escola-olivera-santcugat\/?p=1340"},"modified":"2023-01-20T11:57:56","modified_gmt":"2023-01-20T10:57:56","slug":"equip-de-paidos-escola-lolivera","status":"publish","type":"post","link":"https:\/\/agora.xtec.cat\/escola-olivera-santcugat\/general\/equip-de-paidos-escola-lolivera\/","title":{"rendered":"Equip de Paidos Escola l&#8217;Olivera"},"content":{"rendered":"<p>La fam\u00edlia de Paidos de l&#8217;Escola l&#8217;Olivera ens ha preparat una sorpreseta de les m\u00e9s dolces i boniques.<\/p>\n<p>Mireu, mireu&#8230;<\/p>\n<p><a href=\"https:\/\/drive.google.com\/file\/d\/14hiBvcnQ2B_3lQv7qbWPCwxM04Dp8rQc\/view?usp=sharing\"><img loading=\"lazy\" decoding=\"async\" class=\"alignnone size-full wp-image-1342\" src=\"https:\/\/agora.xtec.cat\/escola-olivera-santcugat\/wp-content\/uploads\/usu1346\/2020\/05\/Screenshot-at-may-08-09-31-23.png\" alt=\"\" width=\"527\" height=\"297\" srcset=\"https:\/\/agora.xtec.cat\/escola-olivera-santcugat\/wp-content\/uploads\/usu1346\/2020\/05\/Screenshot-at-may-08-09-31-23.png 527w, https:\/\/agora.xtec.cat\/escola-olivera-santcugat\/wp-content\/uploads\/usu1346\/2020\/05\/Screenshot-at-may-08-09-31-23-300x169.png 300w\" sizes=\"auto, (max-width: 527px) 100vw, 527px\" \/><\/a><\/p>\n<p>Moltes gr\u00e0cies equip\u00e0s de Paidos! Nosaltres tamb\u00e9 us trobem a faltar!<\/p>\n<p>Amb ganes de tornar-nos a abra\u00e7ar i gaudir de les nostres aventures a l&#8217;Olivera!<\/p>\n","protected":false},"excerpt":{"rendered":"<p>La fam\u00edlia de Paidos de l&#8217;Escola l&#8217;Olivera ens ha preparat una sorpreseta de les m\u00e9s dolces i boniques.<br \/>\nMireu, mireu&#8230;<br \/>\n<a href=\"https:\/\/drive.google.com\/file\/d\/14hiBvcnQ2B_3lQv7qbWPCwxM04Dp8rQc\/view?usp=sharing\"><\/a><br \/>\nMoltes gr\u00e0cies equip\u00e0s de Paidos! Nosaltres tamb\u00e9 us trobem a faltar!<br \/>\nAmb ganes de tornar-nos a abra\u00e7ar i gaudir de les nostres aventures a l&#8217;Olivera!<\/p>\n","protected":false},"author":1,"featured_media":0,"comment_status":"open","ping_status":"closed","sticky":false,"template":"","format":"standard","meta":{"_bbp_topic_count":0,"_bbp_reply_count":0,"_bbp_total_topic_count":0,"_bbp_total_reply_count":0,"_bbp_voice_count":0,"_bbp_anonymous_reply_count":0,"_bbp_topic_count_hidden":0,"_bbp_reply_count_hidden":0,"_bbp_forum_subforum_count":0,"footnotes":""},"categories":[1],"tags":[],"class_list":["post-1340","post","type-post","status-publish","format-standard","hentry","category-general"],"post_mailing_queue_ids":[],"_links":{"self":[{"href":"https:\/\/agora.xtec.cat\/escola-olivera-santcugat\/wp-json\/wp\/v2\/posts\/1340","targetHints":{"allow":["GET"]}}],"collection":[{"href":"https:\/\/agora.xtec.cat\/escola-olivera-santcugat\/wp-json\/wp\/v2\/posts"}],"about":[{"href":"https:\/\/agora.xtec.cat\/escola-olivera-santcugat\/wp-json\/wp\/v2\/types\/post"}],"author":[{"embeddable":true,"href":"https:\/\/agora.xtec.cat\/escola-olivera-santcugat\/wp-json\/wp\/v2\/users\/1"}],"replies":[{"embeddable":true,"href":"https:\/\/agora.xtec.cat\/escola-olivera-santcugat\/wp-json\/wp\/v2\/comments?post=1340"}],"version-history":[{"count":1,"href":"https:\/\/agora.xtec.cat\/escola-olivera-santcugat\/wp-json\/wp\/v2\/posts\/1340\/revisions"}],"predecessor-version":[{"id":1343,"href":"https:\/\/agora.xtec.cat\/escola-olivera-santcugat\/wp-json\/wp\/v2\/posts\/1340\/revisions\/1343"}],"wp:attachment":[{"href":"https:\/\/agora.xtec.cat\/escola-olivera-santcugat\/wp-json\/wp\/v2\/media?parent=1340"}],"wp:term":[{"taxonomy":"category","embeddable":true,"href":"https:\/\/agora.xtec.cat\/escola-olivera-santcugat\/wp-json\/wp\/v2\/categories?post=1340"},{"taxonomy":"post_tag","embeddable":true,"href":"https:\/\/agora.xtec.cat\/escola-olivera-santcugat\/wp-json\/wp\/v2\/tags?post=1340"}],"curies":[{"name":"wp","href":"https:\/\/api.w.org\/{rel}","templated":true}]}}