{"id":1279,"date":"2020-04-27T13:19:18","date_gmt":"2020-04-27T11:19:18","guid":{"rendered":"https:\/\/agora.xtec.cat\/escola-olivera-santcugat\/?p=1279"},"modified":"2023-01-20T11:58:54","modified_gmt":"2023-01-20T10:58:54","slug":"acrostics-de-sant-jordi-5e-comunitat-de-grans","status":"publish","type":"post","link":"https:\/\/agora.xtec.cat\/escola-olivera-santcugat\/general\/acrostics-de-sant-jordi-5e-comunitat-de-grans\/","title":{"rendered":"Acr\u00f2stics de Sant Jordi #5\u00e8 #Comunitat de grans"},"content":{"rendered":"<p>Els i les alumnes de 5\u00e8 treballen els acr\u00f2stics al voltant de la festivitat de Sant Jordi i Santa Jordina.<\/p>\n<p>Mireu quines composicions po\u00e8tiques tan originals! Aquests s\u00f3n nom\u00e9s alguns exemples.<\/p>\n<p>Moltes gr\u00e0cies alumnes i mestres!<\/p>\n<p><a href=\"https:\/\/agora.xtec.cat\/escola-olivera-santcugat\/wp-content\/uploads\/usu1346\/2020\/04\/3dc4f9b0-a5f6-47b7-81b7-aa5c31b2cdea.jpg\"><img loading=\"lazy\" decoding=\"async\" class=\"alignnone  wp-image-1280\" src=\"https:\/\/agora.xtec.cat\/escola-olivera-santcugat\/wp-content\/uploads\/usu1346\/2020\/04\/3dc4f9b0-a5f6-47b7-81b7-aa5c31b2cdea-725x1024.jpg\" alt=\"\" width=\"401\" height=\"566\" srcset=\"https:\/\/agora.xtec.cat\/escola-olivera-santcugat\/wp-content\/uploads\/usu1346\/2020\/04\/3dc4f9b0-a5f6-47b7-81b7-aa5c31b2cdea-725x1024.jpg 725w, https:\/\/agora.xtec.cat\/escola-olivera-santcugat\/wp-content\/uploads\/usu1346\/2020\/04\/3dc4f9b0-a5f6-47b7-81b7-aa5c31b2cdea-212x300.jpg 212w, https:\/\/agora.xtec.cat\/escola-olivera-santcugat\/wp-content\/uploads\/usu1346\/2020\/04\/3dc4f9b0-a5f6-47b7-81b7-aa5c31b2cdea-768x1085.jpg 768w, https:\/\/agora.xtec.cat\/escola-olivera-santcugat\/wp-content\/uploads\/usu1346\/2020\/04\/3dc4f9b0-a5f6-47b7-81b7-aa5c31b2cdea.jpg 1125w\" sizes=\"auto, (max-width: 401px) 100vw, 401px\" \/><\/a><\/p>\n<p><a href=\"https:\/\/agora.xtec.cat\/escola-olivera-santcugat\/wp-content\/uploads\/usu1346\/2020\/04\/8c138f98-300f-4fd4-9fc4-3957015e34b7.jpg\"><img loading=\"lazy\" decoding=\"async\" class=\"alignnone size-large wp-image-1281\" src=\"https:\/\/agora.xtec.cat\/escola-olivera-santcugat\/wp-content\/uploads\/usu1346\/2020\/04\/8c138f98-300f-4fd4-9fc4-3957015e34b7.jpg\" alt=\"\" width=\"400\" height=\"566\" srcset=\"https:\/\/agora.xtec.cat\/escola-olivera-santcugat\/wp-content\/uploads\/usu1346\/2020\/04\/8c138f98-300f-4fd4-9fc4-3957015e34b7.jpg 400w, https:\/\/agora.xtec.cat\/escola-olivera-santcugat\/wp-content\/uploads\/usu1346\/2020\/04\/8c138f98-300f-4fd4-9fc4-3957015e34b7-212x300.jpg 212w\" sizes=\"auto, (max-width: 400px) 100vw, 400px\" \/><\/a> <a href=\"https:\/\/agora.xtec.cat\/escola-olivera-santcugat\/wp-content\/uploads\/usu1346\/2020\/04\/3252618f-ae48-4273-97de-0ceeb4b14132.jpg\"><img loading=\"lazy\" decoding=\"async\" class=\"alignnone  wp-image-1282\" src=\"https:\/\/agora.xtec.cat\/escola-olivera-santcugat\/wp-content\/uploads\/usu1346\/2020\/04\/3252618f-ae48-4273-97de-0ceeb4b14132.jpg\" alt=\"\" width=\"400\" height=\"500\" srcset=\"https:\/\/agora.xtec.cat\/escola-olivera-santcugat\/wp-content\/uploads\/usu1346\/2020\/04\/3252618f-ae48-4273-97de-0ceeb4b14132.jpg 603w, https:\/\/agora.xtec.cat\/escola-olivera-santcugat\/wp-content\/uploads\/usu1346\/2020\/04\/3252618f-ae48-4273-97de-0ceeb4b14132-240x300.jpg 240w\" sizes=\"auto, (max-width: 400px) 100vw, 400px\" \/><\/a> <a href=\"https:\/\/agora.xtec.cat\/escola-olivera-santcugat\/wp-content\/uploads\/usu1346\/2020\/04\/f288e2d6-2b2d-4c54-b0a0-6912b8b9c86a.jpg\"><img loading=\"lazy\" decoding=\"async\" class=\"alignnone  wp-image-1283\" src=\"https:\/\/agora.xtec.cat\/escola-olivera-santcugat\/wp-content\/uploads\/usu1346\/2020\/04\/f288e2d6-2b2d-4c54-b0a0-6912b8b9c86a-1024x729.jpg\" alt=\"\" width=\"398\" height=\"283\" srcset=\"https:\/\/agora.xtec.cat\/escola-olivera-santcugat\/wp-content\/uploads\/usu1346\/2020\/04\/f288e2d6-2b2d-4c54-b0a0-6912b8b9c86a-1024x729.jpg 1024w, https:\/\/agora.xtec.cat\/escola-olivera-santcugat\/wp-content\/uploads\/usu1346\/2020\/04\/f288e2d6-2b2d-4c54-b0a0-6912b8b9c86a-300x214.jpg 300w, https:\/\/agora.xtec.cat\/escola-olivera-santcugat\/wp-content\/uploads\/usu1346\/2020\/04\/f288e2d6-2b2d-4c54-b0a0-6912b8b9c86a-768x547.jpg 768w, https:\/\/agora.xtec.cat\/escola-olivera-santcugat\/wp-content\/uploads\/usu1346\/2020\/04\/f288e2d6-2b2d-4c54-b0a0-6912b8b9c86a.jpg 1059w\" sizes=\"auto, (max-width: 398px) 100vw, 398px\" \/><\/a><\/p>\n","protected":false},"excerpt":{"rendered":"<p>Els i les alumnes de 5\u00e8 treballen els acr\u00f2stics al voltant de la festivitat de Sant Jordi i Santa Jordina.<br \/>\nMireu quines composicions po\u00e8tiques tan originals! Aquests s\u00f3n nom\u00e9s alguns exemples.<br \/>\nMoltes gr\u00e0cies alumnes i mestres!<br \/>\n<a href=\"https:\/\/agora.xtec.cat\/escola-olivera-santcugat\/wp-content\/uploads\/usu1346\/2020\/04\/3dc4f9b0-a5f6-47b7-81b7-aa5c31b2cdea.jpg\"><\/a><br \/>\n<a href=\"https:\/\/agora.xtec.cat\/escola-olivera-santcugat\/wp-content\/uploads\/usu1346\/2020\/04\/8c138f98-300f-4fd4-9fc4-3957015e34b7.jpg\"><\/a> <a href=\"https:\/\/agora.xtec.cat\/escola-olivera-santcugat\/wp-content\/uploads\/usu1346\/2020\/04\/3252618f-ae48-4273-97de-0ceeb4b14132.jpg\"><\/a> <a href=\"https:\/\/agora.xtec.cat\/escola-olivera-santcugat\/wp-content\/uploads\/usu1346\/2020\/04\/f288e2d6-2b2d-4c54-b0a0-6912b8b9c86a.jpg\"><\/a><\/p>\n","protected":false},"author":1,"featured_media":0,"comment_status":"open","ping_status":"closed","sticky":false,"template":"","format":"standard","meta":{"_bbp_topic_count":0,"_bbp_reply_count":0,"_bbp_total_topic_count":0,"_bbp_total_reply_count":0,"_bbp_voice_count":0,"_bbp_anonymous_reply_count":0,"_bbp_topic_count_hidden":0,"_bbp_reply_count_hidden":0,"_bbp_forum_subforum_count":0,"footnotes":""},"categories":[1],"tags":[],"class_list":["post-1279","post","type-post","status-publish","format-standard","hentry","category-general"],"post_mailing_queue_ids":[],"_links":{"self":[{"href":"https:\/\/agora.xtec.cat\/escola-olivera-santcugat\/wp-json\/wp\/v2\/posts\/1279","targetHints":{"allow":["GET"]}}],"collection":[{"href":"https:\/\/agora.xtec.cat\/escola-olivera-santcugat\/wp-json\/wp\/v2\/posts"}],"about":[{"href":"https:\/\/agora.xtec.cat\/escola-olivera-santcugat\/wp-json\/wp\/v2\/types\/post"}],"author":[{"embeddable":true,"href":"https:\/\/agora.xtec.cat\/escola-olivera-santcugat\/wp-json\/wp\/v2\/users\/1"}],"replies":[{"embeddable":true,"href":"https:\/\/agora.xtec.cat\/escola-olivera-santcugat\/wp-json\/wp\/v2\/comments?post=1279"}],"version-history":[{"count":1,"href":"https:\/\/agora.xtec.cat\/escola-olivera-santcugat\/wp-json\/wp\/v2\/posts\/1279\/revisions"}],"predecessor-version":[{"id":1284,"href":"https:\/\/agora.xtec.cat\/escola-olivera-santcugat\/wp-json\/wp\/v2\/posts\/1279\/revisions\/1284"}],"wp:attachment":[{"href":"https:\/\/agora.xtec.cat\/escola-olivera-santcugat\/wp-json\/wp\/v2\/media?parent=1279"}],"wp:term":[{"taxonomy":"category","embeddable":true,"href":"https:\/\/agora.xtec.cat\/escola-olivera-santcugat\/wp-json\/wp\/v2\/categories?post=1279"},{"taxonomy":"post_tag","embeddable":true,"href":"https:\/\/agora.xtec.cat\/escola-olivera-santcugat\/wp-json\/wp\/v2\/tags?post=1279"}],"curies":[{"name":"wp","href":"https:\/\/api.w.org\/{rel}","templated":true}]}}