{"id":1274,"date":"2020-04-27T13:08:41","date_gmt":"2020-04-27T11:08:41","guid":{"rendered":"https:\/\/agora.xtec.cat\/escola-olivera-santcugat\/?p=1274"},"modified":"2023-01-20T11:58:59","modified_gmt":"2023-01-20T10:58:59","slug":"qui-soc-mims-i-acrobates-comunitat-de-petites-i-petits","status":"publish","type":"post","link":"https:\/\/agora.xtec.cat\/escola-olivera-santcugat\/general\/qui-soc-mims-i-acrobates-comunitat-de-petites-i-petits\/","title":{"rendered":"Qui s\u00f3c? #Mims i acr\u00f2bates #Comunitat de petites i petits"},"content":{"rendered":"<p>Els i les mims i acr\u00f2bates de #P5 #Comunitat de petites i petits,<\/p>\n<p>ens proposen un repte: <strong>Endevina, endevinalla, qui s\u00f3c?\u00a0<\/strong><\/p>\n<p>Fes clic damunt la imatge per veure el v\u00eddeo sencer.<\/p>\n<p>Quines i quins artistes m\u00e9s originals!<\/p>\n<p><a href=\"https:\/\/drive.google.com\/file\/d\/1FYBPMBNG7eNkOXssJQqSOVzm3HsoXUXZ\/view?usp=sharing\"><img loading=\"lazy\" decoding=\"async\" class=\"alignnone wp-image-1275\" src=\"https:\/\/agora.xtec.cat\/escola-olivera-santcugat\/wp-content\/uploads\/usu1346\/2020\/04\/Screenshot_1-6.png\" alt=\"\" width=\"549\" height=\"340\" srcset=\"https:\/\/agora.xtec.cat\/escola-olivera-santcugat\/wp-content\/uploads\/usu1346\/2020\/04\/Screenshot_1-6.png 1022w, https:\/\/agora.xtec.cat\/escola-olivera-santcugat\/wp-content\/uploads\/usu1346\/2020\/04\/Screenshot_1-6-300x186.png 300w, https:\/\/agora.xtec.cat\/escola-olivera-santcugat\/wp-content\/uploads\/usu1346\/2020\/04\/Screenshot_1-6-768x476.png 768w\" sizes=\"auto, (max-width: 549px) 100vw, 549px\" \/><\/a> <a href=\"https:\/\/drive.google.com\/file\/d\/1rllyI-zaWhjiq58R0bkEa0nwIM1_IdqF\/view?usp=sharing\"><img loading=\"lazy\" decoding=\"async\" class=\"alignnone wp-image-1276\" src=\"https:\/\/agora.xtec.cat\/escola-olivera-santcugat\/wp-content\/uploads\/usu1346\/2020\/04\/Screenshot_2-3.png\" alt=\"\" width=\"548\" height=\"355\" srcset=\"https:\/\/agora.xtec.cat\/escola-olivera-santcugat\/wp-content\/uploads\/usu1346\/2020\/04\/Screenshot_2-3.png 862w, https:\/\/agora.xtec.cat\/escola-olivera-santcugat\/wp-content\/uploads\/usu1346\/2020\/04\/Screenshot_2-3-300x195.png 300w, https:\/\/agora.xtec.cat\/escola-olivera-santcugat\/wp-content\/uploads\/usu1346\/2020\/04\/Screenshot_2-3-768x499.png 768w\" sizes=\"auto, (max-width: 548px) 100vw, 548px\" \/><\/a><\/p>\n","protected":false},"excerpt":{"rendered":"<p>Els i les mims i acr\u00f2bates de #P5 #Comunitat de petites i petits,<br \/>\nens proposen un repte: Endevina, endevinalla, qui s\u00f3c?\u00a0<br \/>\nFes clic damunt la imatge per veure el v\u00eddeo sencer.<br \/>\nQuines i quins artistes m\u00e9s originals!<br \/>\n<a href=\"https:\/\/drive.google.com\/file\/d\/1FYBPMBNG7eNkOXssJQqSOVzm3HsoXUXZ\/view?usp=sharing\"><\/a> <a href=\"https:\/\/drive.google.com\/file\/d\/1rllyI-zaWhjiq58R0bkEa0nwIM1_IdqF\/view?usp=sharing\"><\/a><\/p>\n","protected":false},"author":1,"featured_media":0,"comment_status":"open","ping_status":"closed","sticky":false,"template":"","format":"standard","meta":{"_bbp_topic_count":0,"_bbp_reply_count":0,"_bbp_total_topic_count":0,"_bbp_total_reply_count":0,"_bbp_voice_count":0,"_bbp_anonymous_reply_count":0,"_bbp_topic_count_hidden":0,"_bbp_reply_count_hidden":0,"_bbp_forum_subforum_count":0,"footnotes":""},"categories":[1],"tags":[],"class_list":["post-1274","post","type-post","status-publish","format-standard","hentry","category-general"],"post_mailing_queue_ids":[],"_links":{"self":[{"href":"https:\/\/agora.xtec.cat\/escola-olivera-santcugat\/wp-json\/wp\/v2\/posts\/1274","targetHints":{"allow":["GET"]}}],"collection":[{"href":"https:\/\/agora.xtec.cat\/escola-olivera-santcugat\/wp-json\/wp\/v2\/posts"}],"about":[{"href":"https:\/\/agora.xtec.cat\/escola-olivera-santcugat\/wp-json\/wp\/v2\/types\/post"}],"author":[{"embeddable":true,"href":"https:\/\/agora.xtec.cat\/escola-olivera-santcugat\/wp-json\/wp\/v2\/users\/1"}],"replies":[{"embeddable":true,"href":"https:\/\/agora.xtec.cat\/escola-olivera-santcugat\/wp-json\/wp\/v2\/comments?post=1274"}],"version-history":[{"count":2,"href":"https:\/\/agora.xtec.cat\/escola-olivera-santcugat\/wp-json\/wp\/v2\/posts\/1274\/revisions"}],"predecessor-version":[{"id":1278,"href":"https:\/\/agora.xtec.cat\/escola-olivera-santcugat\/wp-json\/wp\/v2\/posts\/1274\/revisions\/1278"}],"wp:attachment":[{"href":"https:\/\/agora.xtec.cat\/escola-olivera-santcugat\/wp-json\/wp\/v2\/media?parent=1274"}],"wp:term":[{"taxonomy":"category","embeddable":true,"href":"https:\/\/agora.xtec.cat\/escola-olivera-santcugat\/wp-json\/wp\/v2\/categories?post=1274"},{"taxonomy":"post_tag","embeddable":true,"href":"https:\/\/agora.xtec.cat\/escola-olivera-santcugat\/wp-json\/wp\/v2\/tags?post=1274"}],"curies":[{"name":"wp","href":"https:\/\/api.w.org\/{rel}","templated":true}]}}