{"id":1251,"date":"2020-04-23T16:39:54","date_gmt":"2020-04-23T14:39:54","guid":{"rendered":"https:\/\/agora.xtec.cat\/escola-olivera-santcugat\/?p=1251"},"modified":"2023-01-20T11:59:25","modified_gmt":"2023-01-20T10:59:25","slug":"recomanacions-literaries-coeducacio","status":"publish","type":"post","link":"https:\/\/agora.xtec.cat\/escola-olivera-santcugat\/general\/recomanacions-literaries-coeducacio\/","title":{"rendered":"Recomanacions liter\u00e0ries #coeducaci\u00f3"},"content":{"rendered":"<p>Bona tarda de Sant Jordi,<\/p>\n<p>Compartim <strong>recomanacions liter\u00e0ries<\/strong> que ens fa arribar la comissi\u00f3 mixta de coeducaci\u00f3 de l&#8217;escola des d&#8217;escoles coeducatives.<\/p>\n<p>No us ho podeu perdre, molt interessant!<\/p>\n<p>Moltes gr\u00e0cies comissi\u00f3 per tota la tasca que dueu a terme!<\/p>\n<p><a href=\"https:\/\/agora.xtec.cat\/escola-olivera-santcugat\/wp-content\/uploads\/usu1346\/2020\/04\/Recomanacions-comunitat-petites.pdf\">Recomanacions liter\u00e0ries comunitat petites i petits<\/a><\/p>\n<p><a href=\"https:\/\/agora.xtec.cat\/escola-olivera-santcugat\/wp-content\/uploads\/usu1346\/2020\/04\/Screenshot_1-4.png\"><img loading=\"lazy\" decoding=\"async\" class=\"alignnone  wp-image-1255\" src=\"https:\/\/agora.xtec.cat\/escola-olivera-santcugat\/wp-content\/uploads\/usu1346\/2020\/04\/Screenshot_1-4-1024x506.png\" alt=\"\" width=\"360\" height=\"178\" srcset=\"https:\/\/agora.xtec.cat\/escola-olivera-santcugat\/wp-content\/uploads\/usu1346\/2020\/04\/Screenshot_1-4-1024x506.png 1024w, https:\/\/agora.xtec.cat\/escola-olivera-santcugat\/wp-content\/uploads\/usu1346\/2020\/04\/Screenshot_1-4-300x148.png 300w, https:\/\/agora.xtec.cat\/escola-olivera-santcugat\/wp-content\/uploads\/usu1346\/2020\/04\/Screenshot_1-4-768x379.png 768w, https:\/\/agora.xtec.cat\/escola-olivera-santcugat\/wp-content\/uploads\/usu1346\/2020\/04\/Screenshot_1-4.png 1104w\" sizes=\"auto, (max-width: 360px) 100vw, 360px\" \/><\/a><\/p>\n<p><a href=\"https:\/\/agora.xtec.cat\/escola-olivera-santcugat\/wp-content\/uploads\/usu1346\/2020\/04\/Recomanacions-comunitat-mitjana.pdf\">Recomanacions liter\u00e0ries comunitat mitjanes i mitjans<\/a><\/p>\n<p><a href=\"https:\/\/agora.xtec.cat\/escola-olivera-santcugat\/wp-content\/uploads\/usu1346\/2020\/04\/Screenshot_2-1.png\"><img loading=\"lazy\" decoding=\"async\" class=\"alignnone  wp-image-1256\" src=\"https:\/\/agora.xtec.cat\/escola-olivera-santcugat\/wp-content\/uploads\/usu1346\/2020\/04\/Screenshot_2-1.png\" alt=\"\" width=\"363\" height=\"196\" srcset=\"https:\/\/agora.xtec.cat\/escola-olivera-santcugat\/wp-content\/uploads\/usu1346\/2020\/04\/Screenshot_2-1.png 1022w, https:\/\/agora.xtec.cat\/escola-olivera-santcugat\/wp-content\/uploads\/usu1346\/2020\/04\/Screenshot_2-1-300x162.png 300w, https:\/\/agora.xtec.cat\/escola-olivera-santcugat\/wp-content\/uploads\/usu1346\/2020\/04\/Screenshot_2-1-768x415.png 768w\" sizes=\"auto, (max-width: 363px) 100vw, 363px\" \/><\/a><\/p>\n<p><a href=\"https:\/\/agora.xtec.cat\/escola-olivera-santcugat\/wp-content\/uploads\/usu1346\/2020\/04\/Recomanacio-comunitat-grans-1.pdf\">Recomanacions liter\u00e0ries comunitat grans\u00a0<\/a><\/p>\n<p><a href=\"https:\/\/agora.xtec.cat\/escola-olivera-santcugat\/wp-content\/uploads\/usu1346\/2020\/04\/Screenshot_3-1.png\"><img loading=\"lazy\" decoding=\"async\" class=\"alignnone  wp-image-1257\" src=\"https:\/\/agora.xtec.cat\/escola-olivera-santcugat\/wp-content\/uploads\/usu1346\/2020\/04\/Screenshot_3-1-1024x528.png\" alt=\"\" width=\"365\" height=\"188\" srcset=\"https:\/\/agora.xtec.cat\/escola-olivera-santcugat\/wp-content\/uploads\/usu1346\/2020\/04\/Screenshot_3-1-1024x528.png 1024w, https:\/\/agora.xtec.cat\/escola-olivera-santcugat\/wp-content\/uploads\/usu1346\/2020\/04\/Screenshot_3-1-300x155.png 300w, https:\/\/agora.xtec.cat\/escola-olivera-santcugat\/wp-content\/uploads\/usu1346\/2020\/04\/Screenshot_3-1-768x396.png 768w, https:\/\/agora.xtec.cat\/escola-olivera-santcugat\/wp-content\/uploads\/usu1346\/2020\/04\/Screenshot_3-1.png 1060w\" sizes=\"auto, (max-width: 365px) 100vw, 365px\" \/><\/a><\/p>\n","protected":false},"excerpt":{"rendered":"<p>Bona tarda de Sant Jordi,<br \/>\nCompartim recomanacions liter\u00e0ries que ens fa arribar la comissi\u00f3 mixta de coeducaci\u00f3 de l&#8217;escola des d&#8217;escoles coeducatives.<br \/>\nNo us ho podeu perdre, molt interessant!<br \/>\nMoltes gr\u00e0cies comissi\u00f3 per tota la tasca que dueu a terme!<br \/>\n<a href=\"https:\/\/agora.xtec.cat\/escola-olivera-santcugat\/wp-content\/uploads\/usu1346\/2020\/04\/Recomanacions-comunitat-petites.pdf\">Recomanacions liter\u00e0ries comunitat petites i petits<\/a><br \/>\n<a href=\"https:\/\/agora.xtec.cat\/escola-olivera-santcugat\/wp-content\/uploads\/usu1346\/2020\/04\/Screenshot_1-4.png\"><\/a><br \/>\n<a href=\"https:\/\/agora.xtec.cat\/escola-olivera-santcugat\/wp-content\/uploads\/usu1346\/2020\/04\/Recomanacions-comunitat-mitjana.pdf\">Recomanacions&hellip;  <a href=\"https:\/\/agora.xtec.cat\/escola-olivera-santcugat\/general\/recomanacions-literaries-coeducacio\/\" title=\"Read Recomanacions liter\u00e0ries #coeducaci\u00f3\">Llegeix m\u00e9s\u00bb<\/a><\/p>\n","protected":false},"author":1,"featured_media":0,"comment_status":"open","ping_status":"closed","sticky":false,"template":"","format":"standard","meta":{"_bbp_topic_count":0,"_bbp_reply_count":0,"_bbp_total_topic_count":0,"_bbp_total_reply_count":0,"_bbp_voice_count":0,"_bbp_anonymous_reply_count":0,"_bbp_topic_count_hidden":0,"_bbp_reply_count_hidden":0,"_bbp_forum_subforum_count":0,"footnotes":""},"categories":[1],"tags":[],"class_list":["post-1251","post","type-post","status-publish","format-standard","hentry","category-general"],"post_mailing_queue_ids":[],"_links":{"self":[{"href":"https:\/\/agora.xtec.cat\/escola-olivera-santcugat\/wp-json\/wp\/v2\/posts\/1251","targetHints":{"allow":["GET"]}}],"collection":[{"href":"https:\/\/agora.xtec.cat\/escola-olivera-santcugat\/wp-json\/wp\/v2\/posts"}],"about":[{"href":"https:\/\/agora.xtec.cat\/escola-olivera-santcugat\/wp-json\/wp\/v2\/types\/post"}],"author":[{"embeddable":true,"href":"https:\/\/agora.xtec.cat\/escola-olivera-santcugat\/wp-json\/wp\/v2\/users\/1"}],"replies":[{"embeddable":true,"href":"https:\/\/agora.xtec.cat\/escola-olivera-santcugat\/wp-json\/wp\/v2\/comments?post=1251"}],"version-history":[{"count":1,"href":"https:\/\/agora.xtec.cat\/escola-olivera-santcugat\/wp-json\/wp\/v2\/posts\/1251\/revisions"}],"predecessor-version":[{"id":1258,"href":"https:\/\/agora.xtec.cat\/escola-olivera-santcugat\/wp-json\/wp\/v2\/posts\/1251\/revisions\/1258"}],"wp:attachment":[{"href":"https:\/\/agora.xtec.cat\/escola-olivera-santcugat\/wp-json\/wp\/v2\/media?parent=1251"}],"wp:term":[{"taxonomy":"category","embeddable":true,"href":"https:\/\/agora.xtec.cat\/escola-olivera-santcugat\/wp-json\/wp\/v2\/categories?post=1251"},{"taxonomy":"post_tag","embeddable":true,"href":"https:\/\/agora.xtec.cat\/escola-olivera-santcugat\/wp-json\/wp\/v2\/tags?post=1251"}],"curies":[{"name":"wp","href":"https:\/\/api.w.org\/{rel}","templated":true}]}}