{"id":1220,"date":"2020-04-07T17:34:53","date_gmt":"2020-04-07T15:34:53","guid":{"rendered":"https:\/\/agora.xtec.cat\/escola-olivera-santcugat\/?p=1220"},"modified":"2023-01-20T12:00:33","modified_gmt":"2023-01-20T11:00:33","slug":"el-conte-dels-bons-amics-explicat-duna-manera-diferent-tho-perdras","status":"publish","type":"post","link":"https:\/\/agora.xtec.cat\/escola-olivera-santcugat\/general\/el-conte-dels-bons-amics-explicat-duna-manera-diferent-tho-perdras\/","title":{"rendered":"El conte dels bons amics explicat d&#8217;una manera diferent&#8230;t&#8217;ho perdr\u00e0s?"},"content":{"rendered":"<p>Hola petites i petits de l&#8217;escola,<\/p>\n<p>avui tenim una sorpreseta per vosaltres.<\/p>\n<p>L&#8217;Andrea, ens explica un conte molt bonic i especial explicat d&#8217;una manera diferent&#8230;t&#8217;ho perdr\u00e0s? Segur que t&#8217;animes a veure&#8217;l, aix\u00ed que ben atents: orelles d&#8217;elefant, ulls de mussol i boqueta de piny\u00f3.<\/p>\n<p>Tanquem els ulls, pugem a l&#8217;avi\u00f3 dels contes i volarem fins el conte dels bons amics.<\/p>\n<p>Un, dos i tres&#8230;<\/p>\n<p><a href=\"https:\/\/drive.google.com\/file\/d\/11W3Vfl5-f8f8jn6mE4RU-3Qpki3qeT5c\/view?usp=sharing\"><img loading=\"lazy\" decoding=\"async\" class=\"alignnone size-full wp-image-1221\" src=\"https:\/\/agora.xtec.cat\/escola-olivera-santcugat\/wp-content\/uploads\/usu1346\/2020\/04\/Els-bons-amics.png\" alt=\"\" width=\"286\" height=\"295\" \/><\/a><\/p>\n<p>Feu clic damunt de la imatge per accedir al v\u00eddeo.<\/p>\n<p>Desitgem que us agradi,<\/p>\n<p>una abra\u00e7adeta dol\u00e7a.<\/p>\n","protected":false},"excerpt":{"rendered":"<p>Hola petites i petits de l&#8217;escola,<br \/>\navui tenim una sorpreseta per vosaltres.<br \/>\nL&#8217;Andrea, ens explica un conte molt bonic i especial explicat d&#8217;una manera diferent&#8230;t&#8217;ho perdr\u00e0s? Segur que t&#8217;animes a veure&#8217;l, aix\u00ed que ben atents: orelles d&#8217;elefant, ulls de mussol i boqueta de piny\u00f3.<br \/>\nTanquem els ulls, pugem&hellip;  <a href=\"https:\/\/agora.xtec.cat\/escola-olivera-santcugat\/general\/el-conte-dels-bons-amics-explicat-duna-manera-diferent-tho-perdras\/\" title=\"Read El conte dels bons amics explicat d&#8217;una manera diferent&#8230;t&#8217;ho perdr\u00e0s?\">Llegeix m\u00e9s\u00bb<\/a><\/p>\n","protected":false},"author":1,"featured_media":0,"comment_status":"open","ping_status":"closed","sticky":false,"template":"","format":"standard","meta":{"_bbp_topic_count":0,"_bbp_reply_count":0,"_bbp_total_topic_count":0,"_bbp_total_reply_count":0,"_bbp_voice_count":0,"_bbp_anonymous_reply_count":0,"_bbp_topic_count_hidden":0,"_bbp_reply_count_hidden":0,"_bbp_forum_subforum_count":0,"footnotes":""},"categories":[1],"tags":[],"class_list":["post-1220","post","type-post","status-publish","format-standard","hentry","category-general"],"post_mailing_queue_ids":[],"_links":{"self":[{"href":"https:\/\/agora.xtec.cat\/escola-olivera-santcugat\/wp-json\/wp\/v2\/posts\/1220","targetHints":{"allow":["GET"]}}],"collection":[{"href":"https:\/\/agora.xtec.cat\/escola-olivera-santcugat\/wp-json\/wp\/v2\/posts"}],"about":[{"href":"https:\/\/agora.xtec.cat\/escola-olivera-santcugat\/wp-json\/wp\/v2\/types\/post"}],"author":[{"embeddable":true,"href":"https:\/\/agora.xtec.cat\/escola-olivera-santcugat\/wp-json\/wp\/v2\/users\/1"}],"replies":[{"embeddable":true,"href":"https:\/\/agora.xtec.cat\/escola-olivera-santcugat\/wp-json\/wp\/v2\/comments?post=1220"}],"version-history":[{"count":2,"href":"https:\/\/agora.xtec.cat\/escola-olivera-santcugat\/wp-json\/wp\/v2\/posts\/1220\/revisions"}],"predecessor-version":[{"id":1223,"href":"https:\/\/agora.xtec.cat\/escola-olivera-santcugat\/wp-json\/wp\/v2\/posts\/1220\/revisions\/1223"}],"wp:attachment":[{"href":"https:\/\/agora.xtec.cat\/escola-olivera-santcugat\/wp-json\/wp\/v2\/media?parent=1220"}],"wp:term":[{"taxonomy":"category","embeddable":true,"href":"https:\/\/agora.xtec.cat\/escola-olivera-santcugat\/wp-json\/wp\/v2\/categories?post=1220"},{"taxonomy":"post_tag","embeddable":true,"href":"https:\/\/agora.xtec.cat\/escola-olivera-santcugat\/wp-json\/wp\/v2\/tags?post=1220"}],"curies":[{"name":"wp","href":"https:\/\/api.w.org\/{rel}","templated":true}]}}