{"id":1204,"date":"2020-04-01T16:44:21","date_gmt":"2020-04-01T14:44:21","guid":{"rendered":"https:\/\/agora.xtec.cat\/escola-olivera-santcugat\/?p=1204"},"modified":"2023-01-20T12:00:54","modified_gmt":"2023-01-20T11:00:54","slug":"seguim-amb-la-setmana-de-la-ciencia","status":"publish","type":"post","link":"https:\/\/agora.xtec.cat\/escola-olivera-santcugat\/general\/seguim-amb-la-setmana-de-la-ciencia\/","title":{"rendered":"Seguim amb la setmana de la ci\u00e8ncia"},"content":{"rendered":"<p>Seguim amb la setmana de la ci\u00e8ncia virtual #setmanadelaci\u00e8ncia! Ens arriben nous experiments des de casa #jotamb\u00e9emquedoacasa.<\/p>\n<p>Moltes i molts de vosaltres gaudiu a casa fent de cient\u00edfics i cient\u00edfiques! Aquells i aquelles que encara no heu trobat el moment, <a href=\"https:\/\/drive.google.com\/drive\/folders\/1zVXXLKti7btc83a3kT6wiBCfDf76qQTT?usp=sharing\">a la carpeta compartida del drive<\/a>, hi teniu molts experiments per gaudir-ne amb la vostra fam\u00edlia.<\/p>\n<p>Aqu\u00ed us deixiem amb l&#8217;experiment de: l&#8217;ou boti boti, nosaltres ja ho hem provat a casa i&#8230;al cap de dos dies sabrem si l&#8217;ou bota o no. I el teu, bota?<\/p>\n<div style=\"width: 480px;\" class=\"wp-video\"><!--[if lt IE 9]><script>document.createElement('video');<\/script><![endif]-->\n<video class=\"wp-video-shortcode\" id=\"video-1204-1\" width=\"480\" height=\"480\" preload=\"metadata\" controls=\"controls\"><source type=\"video\/mp4\" src=\"https:\/\/agora.xtec.cat\/escola-olivera-santcugat\/wp-content\/uploads\/usu1346\/2020\/04\/Ou-boti-boti.mp4?_=1\" \/><a href=\"https:\/\/agora.xtec.cat\/escola-olivera-santcugat\/wp-content\/uploads\/usu1346\/2020\/04\/Ou-boti-boti.mp4\">https:\/\/agora.xtec.cat\/escola-olivera-santcugat\/wp-content\/uploads\/usu1346\/2020\/04\/Ou-boti-boti.mp4<\/a><\/video><\/div>\n<p>&nbsp;<\/p>\n<p>Aqu\u00ed us deixem amb <a href=\"https:\/\/drive.google.com\/open?id=1Y2ZCfmI9ZPdCN3RYUHGkvPMWjhmoOAnC\">l&#8217;enlla\u00e7<\/a> de l&#8217;experiment dels colors, el resultat&#8230;molt bonic!<\/p>\n<p>Gaudiu molt cient\u00edfics i cient\u00edfiques!<\/p>\n","protected":false},"excerpt":{"rendered":"<p>Seguim amb la setmana de la ci\u00e8ncia virtual #setmanadelaci\u00e8ncia! Ens arriben nous experiments des de casa #jotamb\u00e9emquedoacasa.<br \/>\nMoltes i molts de vosaltres gaudiu a casa fent de cient\u00edfics i cient\u00edfiques! Aquells i aquelles que encara no heu trobat el moment, <a href=\"https:\/\/drive.google.com\/drive\/folders\/1zVXXLKti7btc83a3kT6wiBCfDf76qQTT?usp=sharing\">a la carpeta compartida del&hellip;  <a href=\"https:\/\/agora.xtec.cat\/escola-olivera-santcugat\/general\/seguim-amb-la-setmana-de-la-ciencia\/\" title=\"Read Seguim amb la setmana de la ci\u00e8ncia\">Llegeix m\u00e9s\u00bb<\/a><\/p>\n","protected":false},"author":1,"featured_media":0,"comment_status":"open","ping_status":"closed","sticky":false,"template":"","format":"standard","meta":{"_bbp_topic_count":0,"_bbp_reply_count":0,"_bbp_total_topic_count":0,"_bbp_total_reply_count":0,"_bbp_voice_count":0,"_bbp_anonymous_reply_count":0,"_bbp_topic_count_hidden":0,"_bbp_reply_count_hidden":0,"_bbp_forum_subforum_count":0,"footnotes":""},"categories":[1],"tags":[],"class_list":["post-1204","post","type-post","status-publish","format-standard","hentry","category-general"],"post_mailing_queue_ids":[],"_links":{"self":[{"href":"https:\/\/agora.xtec.cat\/escola-olivera-santcugat\/wp-json\/wp\/v2\/posts\/1204","targetHints":{"allow":["GET"]}}],"collection":[{"href":"https:\/\/agora.xtec.cat\/escola-olivera-santcugat\/wp-json\/wp\/v2\/posts"}],"about":[{"href":"https:\/\/agora.xtec.cat\/escola-olivera-santcugat\/wp-json\/wp\/v2\/types\/post"}],"author":[{"embeddable":true,"href":"https:\/\/agora.xtec.cat\/escola-olivera-santcugat\/wp-json\/wp\/v2\/users\/1"}],"replies":[{"embeddable":true,"href":"https:\/\/agora.xtec.cat\/escola-olivera-santcugat\/wp-json\/wp\/v2\/comments?post=1204"}],"version-history":[{"count":3,"href":"https:\/\/agora.xtec.cat\/escola-olivera-santcugat\/wp-json\/wp\/v2\/posts\/1204\/revisions"}],"predecessor-version":[{"id":1208,"href":"https:\/\/agora.xtec.cat\/escola-olivera-santcugat\/wp-json\/wp\/v2\/posts\/1204\/revisions\/1208"}],"wp:attachment":[{"href":"https:\/\/agora.xtec.cat\/escola-olivera-santcugat\/wp-json\/wp\/v2\/media?parent=1204"}],"wp:term":[{"taxonomy":"category","embeddable":true,"href":"https:\/\/agora.xtec.cat\/escola-olivera-santcugat\/wp-json\/wp\/v2\/categories?post=1204"},{"taxonomy":"post_tag","embeddable":true,"href":"https:\/\/agora.xtec.cat\/escola-olivera-santcugat\/wp-json\/wp\/v2\/tags?post=1204"}],"curies":[{"name":"wp","href":"https:\/\/api.w.org\/{rel}","templated":true}]}}