{"id":1201,"date":"2020-03-30T14:50:00","date_gmt":"2020-03-30T12:50:00","guid":{"rendered":"https:\/\/agora.xtec.cat\/escola-olivera-santcugat\/?p=1201"},"modified":"2023-01-20T12:00:59","modified_gmt":"2023-01-20T11:00:59","slug":"estrenem-la-setmana-de-la-ciencia-virtual","status":"publish","type":"post","link":"https:\/\/agora.xtec.cat\/escola-olivera-santcugat\/general\/estrenem-la-setmana-de-la-ciencia-virtual\/","title":{"rendered":"Estrenem la setmana de la ci\u00e8ncia virtual"},"content":{"rendered":"<p>La Setmana de la Ci\u00e8ncia va n\u00e9ixer el curs 2011-12 amb l\u2019objectiu d\u2019apropar la ci\u00e8ncia als infants amb la col\u00b7laboraci\u00f3 i implicaci\u00f3 de les fam\u00edlies, tot potenciat: la inclusi\u00f3 d\u2019activitats experimentals al curr\u00edculum de l\u2019escola, noves eines, recursos, idees i metodologies. A trav\u00e9s d&#8217;aquest projecte s&#8217;ha volgut potenciar la participaci\u00f3 activa de les fam\u00edlies a la vida escolar dels seus fills i filles.<\/p>\n<p>Aquesta iniciativa neix amb la voluntat que els infants visquin intensament la ci\u00e8ncia i, a la vegada, que esdevingui punt de partida per incloure l\u2019experimentaci\u00f3 en el dia a dia de l&#8217;escola.<\/p>\n<p>Enguany, a partir d&#8217;idees que ens heu fet arribar moltes fam\u00edlies, engeguem la setmana de la ci\u00e8ncia virtual.\u00a0Tota la comunitat educativa pot gravar-se en v\u00eddeo fent un experiment i el penjarem a la carpeta drive on ja podem gaudir dels primers cient\u00edfics i cient\u00edfiques!<\/p>\n<p>Ens convertim en cient\u00edfics i cient\u00edfiques des de casa, t&#8217;hi animes?<\/p>\n<p><iframe loading=\"lazy\" src=\"https:\/\/drive.google.com\/file\/d\/1jboX-VhpcbDXKlQWW-_0vyAZSL0h76Rm\/preview?usp=sharing\" width=\"600\" height=\"525\"><span data-mce-type=\"bookmark\" style=\"display: inline-block; width: 0px; overflow: hidden; line-height: 0;\" class=\"mce_SELRES_start\">\ufeff<\/span><span data-mce-type=\"bookmark\" style=\"display: inline-block; width: 0px; overflow: hidden; line-height: 0;\" class=\"mce_SELRES_start\">\ufeff<\/span><span data-mce-type=\"bookmark\" style=\"display: inline-block; width: 0px; overflow: hidden; line-height: 0;\" class=\"mce_SELRES_start\">\ufeff<\/span><span data-mce-type=\"bookmark\" style=\"display: inline-block; width: 0px; overflow: hidden; line-height: 0;\" class=\"mce_SELRES_start\">\ufeff<\/span><\/iframe><\/p>\n<p><iframe loading=\"lazy\" src=\"https:\/\/drive.google.com\/file\/d\/1w2hHxeYQ6hzzz7f-ZzOHJzAUgAjVtWTU\/preview?usp=sharing\" width=\"600\" height=\"525\"><span data-mce-type=\"bookmark\" style=\"display: inline-block; width: 0px; overflow: hidden; line-height: 0;\" class=\"mce_SELRES_start\">\ufeff<\/span><span data-mce-type=\"bookmark\" style=\"display: inline-block; width: 0px; overflow: hidden; line-height: 0;\" class=\"mce_SELRES_start\">\ufeff<\/span><span data-mce-type=\"bookmark\" style=\"display: inline-block; width: 0px; overflow: hidden; line-height: 0;\" class=\"mce_SELRES_start\">\ufeff<\/span><span data-mce-type=\"bookmark\" style=\"display: inline-block; width: 0px; overflow: hidden; line-height: 0;\" class=\"mce_SELRES_start\">\ufeff<\/span><span data-mce-type=\"bookmark\" style=\"display: inline-block; width: 0px; overflow: hidden; line-height: 0;\" class=\"mce_SELRES_start\">\ufeff<\/span><\/iframe><\/p>\n","protected":false},"excerpt":{"rendered":"<p>La Setmana de la Ci\u00e8ncia va n\u00e9ixer el curs 2011-12 amb l\u2019objectiu d\u2019apropar la ci\u00e8ncia als infants amb la col\u00b7laboraci\u00f3 i implicaci\u00f3 de les fam\u00edlies, tot potenciat: la inclusi\u00f3 d\u2019activitats experimentals al curr\u00edculum de l\u2019escola, noves eines, recursos, idees i metodologies. A trav\u00e9s d&#8217;aquest projecte&hellip;  <a href=\"https:\/\/agora.xtec.cat\/escola-olivera-santcugat\/general\/estrenem-la-setmana-de-la-ciencia-virtual\/\" title=\"Read Estrenem la setmana de la ci\u00e8ncia virtual\">Llegeix m\u00e9s\u00bb<\/a><\/p>\n","protected":false},"author":1,"featured_media":0,"comment_status":"open","ping_status":"closed","sticky":false,"template":"","format":"standard","meta":{"_bbp_topic_count":0,"_bbp_reply_count":0,"_bbp_total_topic_count":0,"_bbp_total_reply_count":0,"_bbp_voice_count":0,"_bbp_anonymous_reply_count":0,"_bbp_topic_count_hidden":0,"_bbp_reply_count_hidden":0,"_bbp_forum_subforum_count":0,"footnotes":""},"categories":[1],"tags":[],"class_list":["post-1201","post","type-post","status-publish","format-standard","hentry","category-general"],"post_mailing_queue_ids":[],"_links":{"self":[{"href":"https:\/\/agora.xtec.cat\/escola-olivera-santcugat\/wp-json\/wp\/v2\/posts\/1201","targetHints":{"allow":["GET"]}}],"collection":[{"href":"https:\/\/agora.xtec.cat\/escola-olivera-santcugat\/wp-json\/wp\/v2\/posts"}],"about":[{"href":"https:\/\/agora.xtec.cat\/escola-olivera-santcugat\/wp-json\/wp\/v2\/types\/post"}],"author":[{"embeddable":true,"href":"https:\/\/agora.xtec.cat\/escola-olivera-santcugat\/wp-json\/wp\/v2\/users\/1"}],"replies":[{"embeddable":true,"href":"https:\/\/agora.xtec.cat\/escola-olivera-santcugat\/wp-json\/wp\/v2\/comments?post=1201"}],"version-history":[{"count":2,"href":"https:\/\/agora.xtec.cat\/escola-olivera-santcugat\/wp-json\/wp\/v2\/posts\/1201\/revisions"}],"predecessor-version":[{"id":1203,"href":"https:\/\/agora.xtec.cat\/escola-olivera-santcugat\/wp-json\/wp\/v2\/posts\/1201\/revisions\/1203"}],"wp:attachment":[{"href":"https:\/\/agora.xtec.cat\/escola-olivera-santcugat\/wp-json\/wp\/v2\/media?parent=1201"}],"wp:term":[{"taxonomy":"category","embeddable":true,"href":"https:\/\/agora.xtec.cat\/escola-olivera-santcugat\/wp-json\/wp\/v2\/categories?post=1201"},{"taxonomy":"post_tag","embeddable":true,"href":"https:\/\/agora.xtec.cat\/escola-olivera-santcugat\/wp-json\/wp\/v2\/tags?post=1201"}],"curies":[{"name":"wp","href":"https:\/\/api.w.org\/{rel}","templated":true}]}}