{"id":113,"date":"2019-11-01T11:46:13","date_gmt":"2019-11-01T10:46:13","guid":{"rendered":"http:\/\/agora.xtec.cat\/escola-olivera-santcugat\/?p=113"},"modified":"2023-01-20T12:04:21","modified_gmt":"2023-01-20T11:04:21","slug":"noticia-3","status":"publish","type":"post","link":"https:\/\/agora.xtec.cat\/escola-olivera-santcugat\/primaria\/5e\/noticia-3\/","title":{"rendered":"Halloween a cinqu\u00e8!"},"content":{"rendered":"<p>Dimecres al mat\u00ed hem vist pel\u00b7l\u00edcules ambientades en Halloween. A la tarda hem fet unes receptes &#8220;terror\u00edfiques&#8221; a partir d&#8217;un fragment de la lectura del llibre de &#8220;Las Brujas&#8221;. Ens ho hem passat d&#8217;all\u00f2 m\u00e9s b\u00e9!!!<\/p>\n<p><a href=\"https:\/\/agora.xtec.cat\/escola-olivera-santcugat\/wp-content\/uploads\/usu1346\/2014\/09\/UNADJUSTEDNONRAW_thumb_27e6.jpg\"><img loading=\"lazy\" decoding=\"async\" class=\"alignnone wp-image-869 \" src=\"https:\/\/agora.xtec.cat\/escola-olivera-santcugat\/wp-content\/uploads\/usu1346\/2014\/09\/UNADJUSTEDNONRAW_thumb_27e6-225x300.jpg\" alt=\"\" width=\"173\" height=\"231\" srcset=\"https:\/\/agora.xtec.cat\/escola-olivera-santcugat\/wp-content\/uploads\/usu1346\/2014\/09\/UNADJUSTEDNONRAW_thumb_27e6-225x300.jpg 225w, https:\/\/agora.xtec.cat\/escola-olivera-santcugat\/wp-content\/uploads\/usu1346\/2014\/09\/UNADJUSTEDNONRAW_thumb_27e6.jpg 768w\" sizes=\"auto, (max-width: 173px) 100vw, 173px\" \/><\/a> <a href=\"https:\/\/agora.xtec.cat\/escola-olivera-santcugat\/wp-content\/uploads\/usu1346\/2014\/09\/UNADJUSTEDNONRAW_thumb_27e4-e1572602192170.jpg\"><img loading=\"lazy\" decoding=\"async\" class=\"alignnone wp-image-870 \" src=\"https:\/\/agora.xtec.cat\/escola-olivera-santcugat\/wp-content\/uploads\/usu1346\/2014\/09\/UNADJUSTEDNONRAW_thumb_27e4-e1572602192170-285x300.jpg\" alt=\"\" width=\"219\" height=\"231\" srcset=\"https:\/\/agora.xtec.cat\/escola-olivera-santcugat\/wp-content\/uploads\/usu1346\/2014\/09\/UNADJUSTEDNONRAW_thumb_27e4-e1572602192170-285x300.jpg 285w, https:\/\/agora.xtec.cat\/escola-olivera-santcugat\/wp-content\/uploads\/usu1346\/2014\/09\/UNADJUSTEDNONRAW_thumb_27e4-e1572602192170.jpg 768w\" sizes=\"auto, (max-width: 219px) 100vw, 219px\" \/><\/a><\/p>\n","protected":false},"excerpt":{"rendered":"<p>Dimecres al mat\u00ed hem vist pel\u00b7l\u00edcules ambientades en Halloween. A la tarda hem fet unes receptes &#8220;terror\u00edfiques&#8221; a partir d&#8217;un fragment de la lectura del llibre de &#8220;Las Brujas&#8221;. Ens ho hem passat d&#8217;all\u00f2 m\u00e9s b\u00e9!!!<br \/>\n<a href=\"https:\/\/agora.xtec.cat\/escola-olivera-santcugat\/wp-content\/uploads\/usu1346\/2014\/09\/UNADJUSTEDNONRAW_thumb_27e6.jpg\"><\/a> <a href=\"https:\/\/agora.xtec.cat\/escola-olivera-santcugat\/wp-content\/uploads\/usu1346\/2014\/09\/UNADJUSTEDNONRAW_thumb_27e4-e1572602192170.jpg\"><\/a><\/p>\n","protected":false},"author":1,"featured_media":870,"comment_status":"open","ping_status":"closed","sticky":false,"template":"","format":"standard","meta":{"_bbp_topic_count":0,"_bbp_reply_count":0,"_bbp_total_topic_count":0,"_bbp_total_reply_count":0,"_bbp_voice_count":0,"_bbp_anonymous_reply_count":0,"_bbp_topic_count_hidden":0,"_bbp_reply_count_hidden":0,"_bbp_forum_subforum_count":0,"footnotes":""},"categories":[14],"tags":[17,18],"class_list":["post-113","post","type-post","status-publish","format-standard","has-post-thumbnail","hentry","category-5e","tag-plastica","tag-psicomotricitat"],"post_mailing_queue_ids":[],"_links":{"self":[{"href":"https:\/\/agora.xtec.cat\/escola-olivera-santcugat\/wp-json\/wp\/v2\/posts\/113","targetHints":{"allow":["GET"]}}],"collection":[{"href":"https:\/\/agora.xtec.cat\/escola-olivera-santcugat\/wp-json\/wp\/v2\/posts"}],"about":[{"href":"https:\/\/agora.xtec.cat\/escola-olivera-santcugat\/wp-json\/wp\/v2\/types\/post"}],"author":[{"embeddable":true,"href":"https:\/\/agora.xtec.cat\/escola-olivera-santcugat\/wp-json\/wp\/v2\/users\/1"}],"replies":[{"embeddable":true,"href":"https:\/\/agora.xtec.cat\/escola-olivera-santcugat\/wp-json\/wp\/v2\/comments?post=113"}],"version-history":[{"count":3,"href":"https:\/\/agora.xtec.cat\/escola-olivera-santcugat\/wp-json\/wp\/v2\/posts\/113\/revisions"}],"predecessor-version":[{"id":1022,"href":"https:\/\/agora.xtec.cat\/escola-olivera-santcugat\/wp-json\/wp\/v2\/posts\/113\/revisions\/1022"}],"wp:featuredmedia":[{"embeddable":true,"href":"https:\/\/agora.xtec.cat\/escola-olivera-santcugat\/wp-json\/wp\/v2\/media\/870"}],"wp:attachment":[{"href":"https:\/\/agora.xtec.cat\/escola-olivera-santcugat\/wp-json\/wp\/v2\/media?parent=113"}],"wp:term":[{"taxonomy":"category","embeddable":true,"href":"https:\/\/agora.xtec.cat\/escola-olivera-santcugat\/wp-json\/wp\/v2\/categories?post=113"},{"taxonomy":"post_tag","embeddable":true,"href":"https:\/\/agora.xtec.cat\/escola-olivera-santcugat\/wp-json\/wp\/v2\/tags?post=113"}],"curies":[{"name":"wp","href":"https:\/\/api.w.org\/{rel}","templated":true}]}}