{"id":1119,"date":"2020-03-14T12:27:59","date_gmt":"2020-03-14T11:27:59","guid":{"rendered":"https:\/\/agora.xtec.cat\/escola-olivera-santcugat\/?p=1119"},"modified":"2023-01-20T12:01:34","modified_gmt":"2023-01-20T11:01:34","slug":"un-passeig-per-lescola-lolivera","status":"publish","type":"post","link":"https:\/\/agora.xtec.cat\/escola-olivera-santcugat\/general\/un-passeig-per-lescola-lolivera\/","title":{"rendered":"UN PASSEIG PER L&#8217;ESCOLA L&#8217;OLIVERA"},"content":{"rendered":"<p>Benvolgudes fam\u00edlies que ens voleu con\u00e8ixer una mica m\u00e9s,<\/p>\n<p>en aquest espai podeu accedir a un seguit d&#8217;informacions que us hem preparat per tal de poder-vos presentar l&#8217;Escola l&#8217;Olivera.<\/p>\n<blockquote><p><a href=\"https:\/\/agora.xtec.cat\/escola-olivera-santcugat\/wp-content\/uploads\/usu1346\/2020\/03\/BENVINGUDA-PORTES-OBERTES-2020-1.pdf\">BENVINGUDA PORTES OBERTES 2020<\/a><\/p><\/blockquote>\n<p>Accedint als seg\u00fcents links trobareu diferents fulls informatius: preinscripci\u00f3 20-21 (darrera actualitzaci\u00f3 dijous 12 de mar\u00e7), infografia de l&#8217;escola i de <a href=\"https:\/\/www.paidos.cat\/escola\/L-Olivera\">Paidos<\/a> (entitat que gestiona el temps de migdia, extrasescolars i acollida).<\/p>\n<blockquote><p><a href=\"https:\/\/agora.xtec.cat\/escola-olivera-santcugat\/wp-content\/uploads\/usu1346\/2020\/03\/informacio-preinscripcio\u0301-1.pdf\">Informaci\u00f3 preinscripcio\u0301 20-21<\/a><\/p>\n<p><a href=\"https:\/\/agora.xtec.cat\/escola-olivera-santcugat\/wp-content\/uploads\/usu1346\/2020\/03\/Infografia-PORTES-OBERTES-2020-1-1.pdf\">Infografia Escola l&#8217;Olivera<\/a><\/p>\n<p><a href=\"https:\/\/agora.xtec.cat\/escola-olivera-santcugat\/wp-content\/uploads\/usu1346\/2020\/03\/Pantone-Olivera.pdf\">Paidos Escola l&#8217;Olivera<\/a><\/p>\n<p><a href=\"https:\/\/agora.xtec.cat\/escola-olivera-santcugat\/wp-content\/uploads\/usu1346\/2020\/03\/QR-PORTES-OBERTES-2020-1.pdf\">QR FULLS INFORMATIUS<\/a><\/p><\/blockquote>\n<p>Presentaci\u00f3 de l&#8217;Escola l&#8217;Olivera:<\/p>\n<blockquote><p><iframe loading=\"lazy\" src=\"https:\/\/drive.google.com\/file\/d\/1ZvGv-3XTbmhhYXpfIVQQjn2m706iTf9f\/preview?usp=sharing\" width=\"800\" height=\"700\"><span data-mce-type=\"bookmark\" style=\"display: inline-block; width: 0px; overflow: hidden; line-height: 0;\" class=\"mce_SELRES_start\">\ufeff<\/span><\/iframe><\/p>\n<p><iframe loading=\"lazy\" src=\"https:\/\/drive.google.com\/file\/d\/1jtxtz9_LrtCX4LS8o5lglxfSH_Eo5w_u\/preview?usp=sharing\" width=\"800\" height=\"700\"><span data-mce-type=\"bookmark\" style=\"display: inline-block; width: 0px; overflow: hidden; line-height: 0;\" class=\"mce_SELRES_start\">\ufeff<\/span><span data-mce-type=\"bookmark\" style=\"display: inline-block; width: 0px; overflow: hidden; line-height: 0;\" class=\"mce_SELRES_start\">\ufeff<\/span><\/iframe><\/p><\/blockquote>\n<p>Posem tamb\u00e9 a la vostra disposici\u00f3 un formulari de google per tal de recollir inquietuds i\/o dubtes i aix\u00ed poder-hi donar resposta. Quan reobrim els centres us convidarem a visitar l&#8217;escola i compartir dubtes i\/o inquietuds com tamb\u00e9 ens agradar\u00e0 recollir els vostres suggeriments que sempre ens ajuden a aprendre i millorar.<\/p>\n<blockquote><p><a href=\"https:\/\/docs.google.com\/forms\/d\/e\/1FAIpQLSf11bpIAG846ZqzGjsrPn27A2j9Z9_ulGiHPHjg_gTnesRiOQ\/viewform?usp=sf_link\">Vols con\u00e8ixer el nostre projecte educatiu?<\/a><\/p><\/blockquote>\n<p>&nbsp;<\/p>\n<p>Moltes gr\u00e0cies!<\/p>\n<p>Equip de l&#8217;Escola l&#8217;Olivera.<\/p>\n","protected":false},"excerpt":{"rendered":"<p>Benvolgudes fam\u00edlies que ens voleu con\u00e8ixer una mica m\u00e9s,<br \/>\nen aquest espai podeu accedir a un seguit d&#8217;informacions que us hem preparat per tal de poder-vos presentar l&#8217;Escola l&#8217;Olivera.<br \/>\n<a href=\"https:\/\/agora.xtec.cat\/escola-olivera-santcugat\/wp-content\/uploads\/usu1346\/2020\/03\/BENVINGUDA-PORTES-OBERTES-2020-1.pdf\">BENVINGUDA PORTES OBERTES 2020<\/a><br \/>\nAccedint als seg\u00fcents links trobareu diferents fulls informatius: preinscripci\u00f3 20-21 (darrera actualitzaci\u00f3 dijous 12&hellip;  <a href=\"https:\/\/agora.xtec.cat\/escola-olivera-santcugat\/general\/un-passeig-per-lescola-lolivera\/\" title=\"Read UN PASSEIG PER L&#8217;ESCOLA L&#8217;OLIVERA\">Llegeix m\u00e9s\u00bb<\/a><\/p>\n","protected":false},"author":1,"featured_media":0,"comment_status":"open","ping_status":"closed","sticky":false,"template":"","format":"standard","meta":{"_bbp_topic_count":0,"_bbp_reply_count":0,"_bbp_total_topic_count":0,"_bbp_total_reply_count":0,"_bbp_voice_count":0,"_bbp_anonymous_reply_count":0,"_bbp_topic_count_hidden":0,"_bbp_reply_count_hidden":0,"_bbp_forum_subforum_count":0,"footnotes":""},"categories":[1],"tags":[],"class_list":["post-1119","post","type-post","status-publish","format-standard","hentry","category-general"],"post_mailing_queue_ids":[],"_links":{"self":[{"href":"https:\/\/agora.xtec.cat\/escola-olivera-santcugat\/wp-json\/wp\/v2\/posts\/1119","targetHints":{"allow":["GET"]}}],"collection":[{"href":"https:\/\/agora.xtec.cat\/escola-olivera-santcugat\/wp-json\/wp\/v2\/posts"}],"about":[{"href":"https:\/\/agora.xtec.cat\/escola-olivera-santcugat\/wp-json\/wp\/v2\/types\/post"}],"author":[{"embeddable":true,"href":"https:\/\/agora.xtec.cat\/escola-olivera-santcugat\/wp-json\/wp\/v2\/users\/1"}],"replies":[{"embeddable":true,"href":"https:\/\/agora.xtec.cat\/escola-olivera-santcugat\/wp-json\/wp\/v2\/comments?post=1119"}],"version-history":[{"count":3,"href":"https:\/\/agora.xtec.cat\/escola-olivera-santcugat\/wp-json\/wp\/v2\/posts\/1119\/revisions"}],"predecessor-version":[{"id":1138,"href":"https:\/\/agora.xtec.cat\/escola-olivera-santcugat\/wp-json\/wp\/v2\/posts\/1119\/revisions\/1138"}],"wp:attachment":[{"href":"https:\/\/agora.xtec.cat\/escola-olivera-santcugat\/wp-json\/wp\/v2\/media?parent=1119"}],"wp:term":[{"taxonomy":"category","embeddable":true,"href":"https:\/\/agora.xtec.cat\/escola-olivera-santcugat\/wp-json\/wp\/v2\/categories?post=1119"},{"taxonomy":"post_tag","embeddable":true,"href":"https:\/\/agora.xtec.cat\/escola-olivera-santcugat\/wp-json\/wp\/v2\/tags?post=1119"}],"curies":[{"name":"wp","href":"https:\/\/api.w.org\/{rel}","templated":true}]}}