{"id":1088,"date":"2019-11-30T08:17:44","date_gmt":"2019-11-30T07:17:44","guid":{"rendered":"https:\/\/agora.xtec.cat\/escola-olivera-santcugat\/?p=1088"},"modified":"2023-01-20T12:02:59","modified_gmt":"2023-01-20T11:02:59","slug":"cancons-pel-programa-de-radio-de-la-setmana-vinent","status":"publish","type":"post","link":"https:\/\/agora.xtec.cat\/escola-olivera-santcugat\/primaria\/4t\/cancons-pel-programa-de-radio-de-la-setmana-vinent\/","title":{"rendered":"Can\u00e7ons pel programa de r\u00e0dio de la setmana vinent"},"content":{"rendered":"<p>Companys i companyes,<br \/>\nsom alumnes de quart, cinqu\u00e8 i sis\u00e8 que hem participat en el taller de r\u00e0dio d&#8217;aquesta setmana. Necessitem la vostra col\u00b7laboraci\u00f3 per escollir quines can\u00e7ons voleu que surtin en el programa de la setmana vinent. Heu de votar en el seg\u00fcent formulari, i les tres m\u00e9s votades seran les escollides. Teniu fins dilluns a les 9:00 per fer-ho!<\/p>\n<p>Moltes gr\u00e0cies,<\/p>\n<p>Alumnes del programa de r\u00e0dio<\/p>\n<p>&nbsp;<\/p>\n<p><iframe loading=\"lazy\" src=\"https:\/\/docs.google.com\/forms\/d\/e\/1FAIpQLSdzjwXZC9u1_X9f3IYoKgPI71smvKANx9JX09GuGffQUCjSZg\/viewform?embedded=true\" width=\"640\" height=\"857\" frameborder=\"0\" marginwidth=\"0\" marginheight=\"0\">S&#8217;est\u00e0 carregant\u2026<\/iframe><\/p>\n","protected":false},"excerpt":{"rendered":"<p>Companys i companyes,<br \/>\nsom alumnes de quart, cinqu\u00e8 i sis\u00e8 que hem participat en el taller de r\u00e0dio d&#8217;aquesta setmana. Necessitem la vostra col\u00b7laboraci\u00f3 per escollir quines can\u00e7ons voleu que surtin en el programa de la setmana vinent. Heu de votar en el seg\u00fcent formulari, i&hellip;  <a href=\"https:\/\/agora.xtec.cat\/escola-olivera-santcugat\/primaria\/4t\/cancons-pel-programa-de-radio-de-la-setmana-vinent\/\" title=\"Read Can\u00e7ons pel programa de r\u00e0dio de la setmana vinent\">Llegeix m\u00e9s\u00bb<\/a><\/p>\n","protected":false},"author":1,"featured_media":1091,"comment_status":"open","ping_status":"closed","sticky":false,"template":"","format":"standard","meta":{"_bbp_topic_count":0,"_bbp_reply_count":0,"_bbp_total_topic_count":0,"_bbp_total_reply_count":0,"_bbp_voice_count":0,"_bbp_anonymous_reply_count":0,"_bbp_topic_count_hidden":0,"_bbp_reply_count_hidden":0,"_bbp_forum_subforum_count":0,"footnotes":""},"categories":[13,14,15],"tags":[],"class_list":["post-1088","post","type-post","status-publish","format-standard","has-post-thumbnail","hentry","category-4t","category-5e","category-6e"],"post_mailing_queue_ids":[],"_links":{"self":[{"href":"https:\/\/agora.xtec.cat\/escola-olivera-santcugat\/wp-json\/wp\/v2\/posts\/1088","targetHints":{"allow":["GET"]}}],"collection":[{"href":"https:\/\/agora.xtec.cat\/escola-olivera-santcugat\/wp-json\/wp\/v2\/posts"}],"about":[{"href":"https:\/\/agora.xtec.cat\/escola-olivera-santcugat\/wp-json\/wp\/v2\/types\/post"}],"author":[{"embeddable":true,"href":"https:\/\/agora.xtec.cat\/escola-olivera-santcugat\/wp-json\/wp\/v2\/users\/1"}],"replies":[{"embeddable":true,"href":"https:\/\/agora.xtec.cat\/escola-olivera-santcugat\/wp-json\/wp\/v2\/comments?post=1088"}],"version-history":[{"count":3,"href":"https:\/\/agora.xtec.cat\/escola-olivera-santcugat\/wp-json\/wp\/v2\/posts\/1088\/revisions"}],"predecessor-version":[{"id":1092,"href":"https:\/\/agora.xtec.cat\/escola-olivera-santcugat\/wp-json\/wp\/v2\/posts\/1088\/revisions\/1092"}],"wp:featuredmedia":[{"embeddable":true,"href":"https:\/\/agora.xtec.cat\/escola-olivera-santcugat\/wp-json\/wp\/v2\/media\/1091"}],"wp:attachment":[{"href":"https:\/\/agora.xtec.cat\/escola-olivera-santcugat\/wp-json\/wp\/v2\/media?parent=1088"}],"wp:term":[{"taxonomy":"category","embeddable":true,"href":"https:\/\/agora.xtec.cat\/escola-olivera-santcugat\/wp-json\/wp\/v2\/categories?post=1088"},{"taxonomy":"post_tag","embeddable":true,"href":"https:\/\/agora.xtec.cat\/escola-olivera-santcugat\/wp-json\/wp\/v2\/tags?post=1088"}],"curies":[{"name":"wp","href":"https:\/\/api.w.org\/{rel}","templated":true}]}}