{"id":1007,"date":"2019-11-22T20:57:00","date_gmt":"2019-11-22T19:57:00","guid":{"rendered":"https:\/\/agora.xtec.cat\/escola-olivera-santcugat\/?p=1007"},"modified":"2023-01-20T12:03:15","modified_gmt":"2023-01-20T11:03:15","slug":"primera-sortida-de-p3-anem-al-trenet","status":"publish","type":"post","link":"https:\/\/agora.xtec.cat\/escola-olivera-santcugat\/infantil\/i3\/primera-sortida-de-p3-anem-al-trenet\/","title":{"rendered":"Primera sortida de p3: Anem al trenet!"},"content":{"rendered":"<p><span style=\"font-weight: 400;\">Dimarts 19 de novembre vam anar al Parc Catalunya de Sabadell amb els nens i nenes de P3.<\/span><\/p>\n<p><span style=\"font-weight: 400;\">Va fer un dia preci\u00f3s i assolellat i van poder observar els canvis que es produeixen a la tardor. Un paisatge bonic de veure. Un parc amb arbres diferents com pins, xops, alzines i roures amb fulles per terra de diferents colors c\u00e0lids ens van alegrar la vista.<\/span><\/p>\n<p><span style=\"font-weight: 400;\">Tamb\u00e9 vam anar a l&#8217;estaci\u00f3 on ens van rebre els revisors i despr\u00e9s d&#8217;adquirir els bitllets a la taquilla, vam pujar al trenet. Per\u00f2 abans, el revisor els va demanar el bitllet per picar!<\/span><\/p>\n<p><span style=\"font-weight: 400;\">Vam donar una volta per l&#8217;interior del parc i els infants van gaudir molt del trajecte.<\/span><\/p>\n<p><span style=\"font-weight: 400;\">Finalment van dinar tots plegats, mags, magues i equilibristes, i van jugar una estona abans de tornar a l&#8217;escola. Va estar una sortida fant\u00e0stica!!!<\/span><\/p>\n<p><a href=\"https:\/\/agora.xtec.cat\/escola-olivera-santcugat\/wp-content\/uploads\/usu1346\/2019\/11\/Captura-de-Pantalla-2019-11-22-a-les-20.54.51-min.png\"><img loading=\"lazy\" decoding=\"async\" class=\"alignnone  wp-image-1008\" src=\"https:\/\/agora.xtec.cat\/escola-olivera-santcugat\/wp-content\/uploads\/usu1346\/2019\/11\/Captura-de-Pantalla-2019-11-22-a-les-20.54.51-min-1024x771.png\" alt=\"\" width=\"518\" height=\"390\" srcset=\"https:\/\/agora.xtec.cat\/escola-olivera-santcugat\/wp-content\/uploads\/usu1346\/2019\/11\/Captura-de-Pantalla-2019-11-22-a-les-20.54.51-min-1024x771.png 1024w, https:\/\/agora.xtec.cat\/escola-olivera-santcugat\/wp-content\/uploads\/usu1346\/2019\/11\/Captura-de-Pantalla-2019-11-22-a-les-20.54.51-min-300x226.png 300w, https:\/\/agora.xtec.cat\/escola-olivera-santcugat\/wp-content\/uploads\/usu1346\/2019\/11\/Captura-de-Pantalla-2019-11-22-a-les-20.54.51-min-768x578.png 768w, https:\/\/agora.xtec.cat\/escola-olivera-santcugat\/wp-content\/uploads\/usu1346\/2019\/11\/Captura-de-Pantalla-2019-11-22-a-les-20.54.51-min-200x150.png 200w, https:\/\/agora.xtec.cat\/escola-olivera-santcugat\/wp-content\/uploads\/usu1346\/2019\/11\/Captura-de-Pantalla-2019-11-22-a-les-20.54.51-min.png 1204w\" sizes=\"auto, (max-width: 518px) 100vw, 518px\" \/><\/a><\/p>\n","protected":false},"excerpt":{"rendered":"<p>Dimarts 19 de novembre vam anar al Parc Catalunya de Sabadell amb els nens i nenes de P3.<br \/>\nVa fer un dia preci\u00f3s i assolellat i van poder observar els canvis que es produeixen a la tardor. Un paisatge bonic de veure. Un parc amb arbres&hellip;  <a href=\"https:\/\/agora.xtec.cat\/escola-olivera-santcugat\/infantil\/i3\/primera-sortida-de-p3-anem-al-trenet\/\" title=\"Read Primera sortida de p3: Anem al trenet!\">Llegeix m\u00e9s\u00bb<\/a><\/p>\n","protected":false},"author":1,"featured_media":1008,"comment_status":"open","ping_status":"closed","sticky":false,"template":"","format":"standard","meta":{"_bbp_topic_count":0,"_bbp_reply_count":0,"_bbp_total_topic_count":0,"_bbp_total_reply_count":0,"_bbp_voice_count":0,"_bbp_anonymous_reply_count":0,"_bbp_topic_count_hidden":0,"_bbp_reply_count_hidden":0,"_bbp_forum_subforum_count":0,"footnotes":""},"categories":[3],"tags":[],"class_list":["post-1007","post","type-post","status-publish","format-standard","has-post-thumbnail","hentry","category-i3"],"post_mailing_queue_ids":[],"_links":{"self":[{"href":"https:\/\/agora.xtec.cat\/escola-olivera-santcugat\/wp-json\/wp\/v2\/posts\/1007","targetHints":{"allow":["GET"]}}],"collection":[{"href":"https:\/\/agora.xtec.cat\/escola-olivera-santcugat\/wp-json\/wp\/v2\/posts"}],"about":[{"href":"https:\/\/agora.xtec.cat\/escola-olivera-santcugat\/wp-json\/wp\/v2\/types\/post"}],"author":[{"embeddable":true,"href":"https:\/\/agora.xtec.cat\/escola-olivera-santcugat\/wp-json\/wp\/v2\/users\/1"}],"replies":[{"embeddable":true,"href":"https:\/\/agora.xtec.cat\/escola-olivera-santcugat\/wp-json\/wp\/v2\/comments?post=1007"}],"version-history":[{"count":1,"href":"https:\/\/agora.xtec.cat\/escola-olivera-santcugat\/wp-json\/wp\/v2\/posts\/1007\/revisions"}],"predecessor-version":[{"id":1009,"href":"https:\/\/agora.xtec.cat\/escola-olivera-santcugat\/wp-json\/wp\/v2\/posts\/1007\/revisions\/1009"}],"wp:featuredmedia":[{"embeddable":true,"href":"https:\/\/agora.xtec.cat\/escola-olivera-santcugat\/wp-json\/wp\/v2\/media\/1008"}],"wp:attachment":[{"href":"https:\/\/agora.xtec.cat\/escola-olivera-santcugat\/wp-json\/wp\/v2\/media?parent=1007"}],"wp:term":[{"taxonomy":"category","embeddable":true,"href":"https:\/\/agora.xtec.cat\/escola-olivera-santcugat\/wp-json\/wp\/v2\/categories?post=1007"},{"taxonomy":"post_tag","embeddable":true,"href":"https:\/\/agora.xtec.cat\/escola-olivera-santcugat\/wp-json\/wp\/v2\/tags?post=1007"}],"curies":[{"name":"wp","href":"https:\/\/api.w.org\/{rel}","templated":true}]}}