{"id":65,"count":4,"description":"En aquest apartat podreu trobar les informacions actualitzades referent al proc\u00e9s de preinscripci\u00f3 i matriculaci\u00f3 del curs 2021-2022. ","link":"https:\/\/agora.xtec.cat\/escola-olivera-santcugat\/categoria\/preinscripcio-2021-2022\/","name":"Preinscripci\u00f3 2021-2022","slug":"preinscripcio-2021-2022","taxonomy":"category","parent":0,"meta":[],"_links":{"self":[{"href":"https:\/\/agora.xtec.cat\/escola-olivera-santcugat\/wp-json\/wp\/v2\/categories\/65","targetHints":{"allow":["GET"]}}],"collection":[{"href":"https:\/\/agora.xtec.cat\/escola-olivera-santcugat\/wp-json\/wp\/v2\/categories"}],"about":[{"href":"https:\/\/agora.xtec.cat\/escola-olivera-santcugat\/wp-json\/wp\/v2\/taxonomies\/category"}],"wp:post_type":[{"href":"https:\/\/agora.xtec.cat\/escola-olivera-santcugat\/wp-json\/wp\/v2\/posts?categories=65"}],"curies":[{"name":"wp","href":"https:\/\/api.w.org\/{rel}","templated":true}]}}