{"id":984,"date":"2018-11-19T20:23:34","date_gmt":"2018-11-19T19:23:34","guid":{"rendered":"http:\/\/agora.xtec.cat\/escola-norai-montgat\/?p=984"},"modified":"2018-11-23T23:23:48","modified_gmt":"2018-11-23T22:23:48","slug":"fruita-a-lescola","status":"publish","type":"post","link":"https:\/\/agora.xtec.cat\/escola-norai-montgat\/general\/fruita-a-lescola\/","title":{"rendered":"fruita a l&#8217;escola"},"content":{"rendered":"<p>participem en el pla de consum de fruita a les escoles<\/p>\n<p>una setmana al mes, no cal que les fam\u00edlies portin la fruita per esmorzar, perqu\u00e8 gaudim de forma gratu\u00efta de fruita de temporada, aprofitem per menjar fruita sencera<\/p>\n<p><a href=\"https:\/\/agora.xtec.cat\/escola-norai-montgat\/wp-content\/uploads\/usu1780\/2018\/11\/IMG_20181122_091441-1.jpg\"><img loading=\"lazy\" decoding=\"async\" class=\"alignleft wp-image-991 size-thumbnail\" src=\"https:\/\/agora.xtec.cat\/escola-norai-montgat\/wp-content\/uploads\/usu1780\/2018\/11\/IMG_20181122_091441-1-150x150.jpg\" alt=\"\" width=\"150\" height=\"150\" \/><\/a><a href=\"http:\/\/agricultura.gencat.cat\/ca\/ambits\/alimentacio\/fruita-llet-escoles\/fruita-escoles\/\"><img loading=\"lazy\" decoding=\"async\" class=\"alignleft wp-image-988 size-thumbnail\" src=\"https:\/\/agora.xtec.cat\/escola-norai-montgat\/wp-content\/uploads\/usu1780\/2018\/11\/cartell-programa-consum-fruita-hortalisses-escoles-unio-europea-750.jpg_1332006011-150x150.jpg\" alt=\"\" width=\"150\" height=\"150\" srcset=\"https:\/\/agora.xtec.cat\/escola-norai-montgat\/wp-content\/uploads\/usu1780\/2018\/11\/cartell-programa-consum-fruita-hortalisses-escoles-unio-europea-750.jpg_1332006011-150x150.jpg 150w, https:\/\/agora.xtec.cat\/escola-norai-montgat\/wp-content\/uploads\/usu1780\/2018\/11\/cartell-programa-consum-fruita-hortalisses-escoles-unio-europea-750.jpg_1332006011-300x300.jpg 300w, https:\/\/agora.xtec.cat\/escola-norai-montgat\/wp-content\/uploads\/usu1780\/2018\/11\/cartell-programa-consum-fruita-hortalisses-escoles-unio-europea-750.jpg_1332006011.jpg 750w\" sizes=\"auto, (max-width: 150px) 100vw, 150px\" \/><\/a><\/p>\n","protected":false},"excerpt":{"rendered":"<p>participem en el pla de consum de fruita a les escoles<br \/>\nuna setmana al mes, no cal que les fam\u00edlies portin la fruita per esmorzar, perqu\u00e8 gaudim de forma gratu\u00efta de fruita de temporada, aprofitem per menjar fruita sencera<br \/>\n<a href=\"https:\/\/agora.xtec.cat\/escola-norai-montgat\/wp-content\/uploads\/usu1780\/2018\/11\/IMG_20181122_091441-1.jpg\"><\/a><a href=\"http:\/\/agricultura.gencat.cat\/ca\/ambits\/alimentacio\/fruita-llet-escoles\/fruita-escoles\/\"><\/a><\/p>\n","protected":false},"author":1,"featured_media":0,"comment_status":"closed","ping_status":"closed","sticky":false,"template":"","format":"standard","meta":{"_bbp_topic_count":0,"_bbp_reply_count":0,"_bbp_total_topic_count":0,"_bbp_total_reply_count":0,"_bbp_voice_count":0,"_bbp_anonymous_reply_count":0,"_bbp_topic_count_hidden":0,"_bbp_reply_count_hidden":0,"_bbp_forum_subforum_count":0,"footnotes":""},"categories":[1,4],"tags":[],"class_list":["post-984","post","type-post","status-publish","format-standard","hentry","category-general","category-portada"],"post_mailing_queue_ids":[],"_links":{"self":[{"href":"https:\/\/agora.xtec.cat\/escola-norai-montgat\/wp-json\/wp\/v2\/posts\/984","targetHints":{"allow":["GET"]}}],"collection":[{"href":"https:\/\/agora.xtec.cat\/escola-norai-montgat\/wp-json\/wp\/v2\/posts"}],"about":[{"href":"https:\/\/agora.xtec.cat\/escola-norai-montgat\/wp-json\/wp\/v2\/types\/post"}],"author":[{"embeddable":true,"href":"https:\/\/agora.xtec.cat\/escola-norai-montgat\/wp-json\/wp\/v2\/users\/1"}],"replies":[{"embeddable":true,"href":"https:\/\/agora.xtec.cat\/escola-norai-montgat\/wp-json\/wp\/v2\/comments?post=984"}],"version-history":[{"count":3,"href":"https:\/\/agora.xtec.cat\/escola-norai-montgat\/wp-json\/wp\/v2\/posts\/984\/revisions"}],"predecessor-version":[{"id":986,"href":"https:\/\/agora.xtec.cat\/escola-norai-montgat\/wp-json\/wp\/v2\/posts\/984\/revisions\/986"}],"wp:attachment":[{"href":"https:\/\/agora.xtec.cat\/escola-norai-montgat\/wp-json\/wp\/v2\/media?parent=984"}],"wp:term":[{"taxonomy":"category","embeddable":true,"href":"https:\/\/agora.xtec.cat\/escola-norai-montgat\/wp-json\/wp\/v2\/categories?post=984"},{"taxonomy":"post_tag","embeddable":true,"href":"https:\/\/agora.xtec.cat\/escola-norai-montgat\/wp-json\/wp\/v2\/tags?post=984"}],"curies":[{"name":"wp","href":"https:\/\/api.w.org\/{rel}","templated":true}]}}