{"id":970,"date":"2018-11-05T23:26:52","date_gmt":"2018-11-05T22:26:52","guid":{"rendered":"http:\/\/agora.xtec.cat\/escola-norai-montgat\/?p=970"},"modified":"2018-11-23T23:24:51","modified_gmt":"2018-11-23T22:24:51","slug":"eleccions-al-consell-escolar","status":"publish","type":"post","link":"https:\/\/agora.xtec.cat\/escola-norai-montgat\/general\/eleccions-al-consell-escolar\/","title":{"rendered":"eleccions al consell escolar"},"content":{"rendered":"<div class=\"gmail_default\">Aquest curs hi ha eleccions al Consell Escolar i avui, dia 5 de novembre, amb la publicaci\u00f3 de la <a href=\"https:\/\/agora.xtec.cat\/escola-norai-montgat\/wp-content\/uploads\/usu1780\/2018\/11\/Convocat\u00f2ria-signada.pdf\">convocat\u00f2ria<\/a>\u00a0comen\u00e7a el proc\u00e9s.<\/div>\n<div class=\"gmail_default\"><\/div>\n<div class=\"gmail_default\">A partir d&#8217;avui, hi haur\u00e0 penjat al vest\u00edbul de l&#8217;escola el\u00a0<b>cens\u00a0<\/b>de fam\u00edlies. Heu de comprovar que hi sou i que el vostre DNI \u00e9s correcte. Recordeu que podeu votar tots els tutors legals de cada infant.<\/div>\n<div><\/div>\n<div>Aquest curs hem de renovar el representant de les fam\u00edlies al consell, per aix\u00f2 les fam\u00edlies haureu de votar un dels candidats i candidates que es presentin.<\/div>\n<div><\/div>\n<div class=\"gmail_default\">Volem animar aquells pares i mares que penseu que podeu ser membres del Consell Escolar a\u00a0<b>presentar candidatura<\/b>. Demaneu el document oficial o descarregueu-lo <a href=\"https:\/\/agora.xtec.cat\/escola-norai-montgat\/wp-content\/uploads\/usu1780\/2018\/11\/candidatura-consell-escolar-2018.pdf\">aqu\u00ed<\/a>. El termini per presentar-lo finalitza el dia 16 de novembre.<\/div>\n<div><\/div>\n<div class=\"gmail_default\">Les votacions seran el dia\u00a0<b>30 de novembre de 16h a 18h<\/b>. Necessitareu el DNI i el vot no es pot delegar. Us hi esperem a tots!!!!!!<\/div>\n<div><\/div>\n<div>Per a m\u00e9s informaci\u00f3:<\/div>\n<div>\n<p><a href=\"http:\/\/familiaiescola.gencat.cat\/ca\/escolaritat\/participacio-compromis\/participacio-coresponsabilitzacio\/participacio-funcionament-centre\/consell-escolar\/\">http:\/\/familiaiescola.gencat.cat\/ca\/escolaritat\/participacio-compromis\/participacio-coresponsabilitzacio\/participacio-funcionament-centre\/consell-escolar\/<\/a><\/p>\n<div class=\"addtoany_share_save_container addtoany_content_bottom\">\n<div class=\"a2a_kit a2a_kit_size_32 addtoany_list\" data-a2a-url=\"https:\/\/agora.xtec.cat\/ceipescolamarina\/general\/eleccions-al-consell-escolar-2018\/\" data-a2a-title=\"Eleccions al consell escolar 2018\"><\/div>\n<\/div>\n<\/div>\n","protected":false},"excerpt":{"rendered":"<p>Aquest curs hi ha eleccions al Consell Escolar i avui, dia 5 de novembre, amb la publicaci\u00f3 de la <a href=\"https:\/\/agora.xtec.cat\/escola-norai-montgat\/wp-content\/uploads\/usu1780\/2018\/11\/Convocat\u00f2ria-signada.pdf\">convocat\u00f2ria<\/a>\u00a0comen\u00e7a el proc\u00e9s.<\/p>\n<p>A partir d&#8217;avui, hi haur\u00e0 penjat al vest\u00edbul de l&#8217;escola el\u00a0cens\u00a0de fam\u00edlies. Heu de comprovar que hi sou i que el vostre DNI&hellip;  <a href=\"https:\/\/agora.xtec.cat\/escola-norai-montgat\/general\/eleccions-al-consell-escolar\/\" title=\"Read eleccions al consell escolar\">Llegeix m\u00e9s\u00bb<\/a><\/p>\n","protected":false},"author":1,"featured_media":0,"comment_status":"open","ping_status":"closed","sticky":false,"template":"","format":"standard","meta":{"_bbp_topic_count":0,"_bbp_reply_count":0,"_bbp_total_topic_count":0,"_bbp_total_reply_count":0,"_bbp_voice_count":0,"_bbp_anonymous_reply_count":0,"_bbp_topic_count_hidden":0,"_bbp_reply_count_hidden":0,"_bbp_forum_subforum_count":0,"footnotes":""},"categories":[1,4],"tags":[],"class_list":["post-970","post","type-post","status-publish","format-standard","hentry","category-general","category-portada"],"post_mailing_queue_ids":[],"_links":{"self":[{"href":"https:\/\/agora.xtec.cat\/escola-norai-montgat\/wp-json\/wp\/v2\/posts\/970","targetHints":{"allow":["GET"]}}],"collection":[{"href":"https:\/\/agora.xtec.cat\/escola-norai-montgat\/wp-json\/wp\/v2\/posts"}],"about":[{"href":"https:\/\/agora.xtec.cat\/escola-norai-montgat\/wp-json\/wp\/v2\/types\/post"}],"author":[{"embeddable":true,"href":"https:\/\/agora.xtec.cat\/escola-norai-montgat\/wp-json\/wp\/v2\/users\/1"}],"replies":[{"embeddable":true,"href":"https:\/\/agora.xtec.cat\/escola-norai-montgat\/wp-json\/wp\/v2\/comments?post=970"}],"version-history":[{"count":3,"href":"https:\/\/agora.xtec.cat\/escola-norai-montgat\/wp-json\/wp\/v2\/posts\/970\/revisions"}],"predecessor-version":[{"id":976,"href":"https:\/\/agora.xtec.cat\/escola-norai-montgat\/wp-json\/wp\/v2\/posts\/970\/revisions\/976"}],"wp:attachment":[{"href":"https:\/\/agora.xtec.cat\/escola-norai-montgat\/wp-json\/wp\/v2\/media?parent=970"}],"wp:term":[{"taxonomy":"category","embeddable":true,"href":"https:\/\/agora.xtec.cat\/escola-norai-montgat\/wp-json\/wp\/v2\/categories?post=970"},{"taxonomy":"post_tag","embeddable":true,"href":"https:\/\/agora.xtec.cat\/escola-norai-montgat\/wp-json\/wp\/v2\/tags?post=970"}],"curies":[{"name":"wp","href":"https:\/\/api.w.org\/{rel}","templated":true}]}}