{"id":767,"date":"2018-03-08T08:25:15","date_gmt":"2018-03-08T07:25:15","guid":{"rendered":"http:\/\/agora.xtec.cat\/escola-norai-montgat\/?p=767"},"modified":"2018-04-08T12:37:10","modified_gmt":"2018-04-08T10:37:10","slug":"converses-descola","status":"publish","type":"post","link":"https:\/\/agora.xtec.cat\/escola-norai-montgat\/portada\/converses-descola\/","title":{"rendered":"converses d&#8217;escola"},"content":{"rendered":"<p>fam\u00edlies de l&#8217;escola, el proper dia 15 de mar\u00e7 a les 19h farem la nostra<strong> primera trobada de fam\u00edlies i mestres<\/strong> per parlar d&#8217;educaci\u00f3<\/p>\n<p>en aquesta primera trobada parlarem del nostre projecte d&#8217;escola, establirem complicitats sobre aquesta apassionant tasca que \u00e9s educar els nostres infants<\/p>\n<p>confirmeu la vostra assist\u00e8ncia, si us plau, enviant un mail a l&#8217;escola<\/p>\n<p>us hi esperem!!!<\/p>\n<p>&nbsp;<\/p>\n<p>&nbsp;<\/p>\n","protected":false},"excerpt":{"rendered":"<p>fam\u00edlies de l&#8217;escola, el proper dia 15 de mar\u00e7 a les 19h farem la nostra primera trobada de fam\u00edlies i mestres per parlar d&#8217;educaci\u00f3<br \/>\nen aquesta primera trobada parlarem del nostre projecte d&#8217;escola, establirem complicitats sobre aquesta apassionant tasca que \u00e9s educar els nostres infants<br \/>\nconfirmeu la&hellip;  <a href=\"https:\/\/agora.xtec.cat\/escola-norai-montgat\/portada\/converses-descola\/\" title=\"Read converses d&#8217;escola\">Llegeix m\u00e9s\u00bb<\/a><\/p>\n","protected":false},"author":1,"featured_media":0,"comment_status":"open","ping_status":"closed","sticky":false,"template":"","format":"standard","meta":{"_bbp_topic_count":0,"_bbp_reply_count":0,"_bbp_total_topic_count":0,"_bbp_total_reply_count":0,"_bbp_voice_count":0,"_bbp_anonymous_reply_count":0,"_bbp_topic_count_hidden":0,"_bbp_reply_count_hidden":0,"_bbp_forum_subforum_count":0,"footnotes":""},"categories":[4],"tags":[],"class_list":["post-767","post","type-post","status-publish","format-standard","hentry","category-portada"],"post_mailing_queue_ids":[],"_links":{"self":[{"href":"https:\/\/agora.xtec.cat\/escola-norai-montgat\/wp-json\/wp\/v2\/posts\/767","targetHints":{"allow":["GET"]}}],"collection":[{"href":"https:\/\/agora.xtec.cat\/escola-norai-montgat\/wp-json\/wp\/v2\/posts"}],"about":[{"href":"https:\/\/agora.xtec.cat\/escola-norai-montgat\/wp-json\/wp\/v2\/types\/post"}],"author":[{"embeddable":true,"href":"https:\/\/agora.xtec.cat\/escola-norai-montgat\/wp-json\/wp\/v2\/users\/1"}],"replies":[{"embeddable":true,"href":"https:\/\/agora.xtec.cat\/escola-norai-montgat\/wp-json\/wp\/v2\/comments?post=767"}],"version-history":[{"count":3,"href":"https:\/\/agora.xtec.cat\/escola-norai-montgat\/wp-json\/wp\/v2\/posts\/767\/revisions"}],"predecessor-version":[{"id":780,"href":"https:\/\/agora.xtec.cat\/escola-norai-montgat\/wp-json\/wp\/v2\/posts\/767\/revisions\/780"}],"wp:attachment":[{"href":"https:\/\/agora.xtec.cat\/escola-norai-montgat\/wp-json\/wp\/v2\/media?parent=767"}],"wp:term":[{"taxonomy":"category","embeddable":true,"href":"https:\/\/agora.xtec.cat\/escola-norai-montgat\/wp-json\/wp\/v2\/categories?post=767"},{"taxonomy":"post_tag","embeddable":true,"href":"https:\/\/agora.xtec.cat\/escola-norai-montgat\/wp-json\/wp\/v2\/tags?post=767"}],"curies":[{"name":"wp","href":"https:\/\/api.w.org\/{rel}","templated":true}]}}