{"id":3566,"date":"2026-02-11T09:46:07","date_gmt":"2026-02-11T08:46:07","guid":{"rendered":"https:\/\/agora.xtec.cat\/escola-norai-montgat\/?p=3566"},"modified":"2026-04-29T23:03:32","modified_gmt":"2026-04-29T21:03:32","slug":"preinscripcio-matricula-2026-2027","status":"publish","type":"post","link":"https:\/\/agora.xtec.cat\/escola-norai-montgat\/general\/preinscripcio-matricula-2026-2027\/","title":{"rendered":"preinscripci\u00f3 matr\u00edcula 2026-2027"},"content":{"rendered":"<p><strong>Dates preinscripci\u00f3:<\/strong> Segon cicle d&#8217;Educaci\u00f3 Infantil (3-6 anys) i Educaci\u00f3 Prim\u00e0ria del <span style=\"text-decoration: underline;\">4 al 18 de mar\u00e7<\/span><\/p>\n<p><strong><a style=\"color: #2795b6;\" href=\"http:\/\/mapaescolar.gencat.cat\/\"><span style=\"text-decoration: underline;\">Mapa escolar<\/span>\u00a0<\/a><\/strong><\/p>\n<p><strong><a href=\"https:\/\/drive.google.com\/file\/d\/18dOgR98RAuEp-lKla0x0OqhsBM5dw_5U\/view?usp=drive_link\">Publicaci\u00f3 de l&#8217;oferta<\/a><a href=\"https:\/\/drive.google.com\/file\/d\/18dOgR98RAuEp-lKla0x0OqhsBM5dw_5U\/view?usp=drive_link\">:<\/a><\/strong>3 de mar\u00e7 de 2026<\/p>\n<p><strong><a href=\"https:\/\/drive.google.com\/file\/d\/1-xjKdVc_LVl3tLdipGo4rmvGosF9M8N9\/view?usp=drive_link\">Llista de sol\u00b7licituds amb la puntuaci\u00f3 provisional<\/a><\/strong> <span style=\"text-decoration: underline;\">15 d&#8217;abril<\/span><\/p>\n<p><strong>Termini per presentar una reclamaci\u00f3<\/strong> <span style=\"text-decoration: underline;\">15 al 20 d&#8217;abril<\/span><\/p>\n<p><a href=\"https:\/\/drive.google.com\/file\/d\/1GLB-SywM3okZjGvtDR1EZnN-rPP5ApgJ\/view?usp=drive_link\"><strong>Llista de sol\u00b7licituds amb la puntuaci\u00f3 definitiva<\/strong><\/a> <span style=\"text-decoration: underline;\">23\u00a0d&#8217;abril<\/span><\/p>\n<p>Sorteig del n\u00famero de desempat <span style=\"text-decoration: underline;\">28 d&#8217;abril<\/span><\/p>\n<p><a href=\"https:\/\/drive.google.com\/file\/d\/1uAQR521sFdVKZhti6bMfwwxj_P1NdK67\/view?usp=sharing\"><strong>Publicaci\u00f3 de la llista ordenada\u00a0<\/strong><\/a><span style=\"text-decoration: underline;\">29 d&#8217;abril<\/span><\/p>\n<p>Llistes d&#8217;alumnes amb pla\u00e7a assignada\u00a0<span style=\"text-decoration: underline;\">10 de juny<\/span><\/p>\n<p>&nbsp;<\/p>\n","protected":false},"excerpt":{"rendered":"<p>Dates preinscripci\u00f3: Segon cicle d&#8217;Educaci\u00f3 Infantil (3-6 anys) i Educaci\u00f3 Prim\u00e0ria del 4 al 18 de mar\u00e7<br \/>\n<a style=\"color: #2795b6;\" href=\"http:\/\/mapaescolar.gencat.cat\/\">Mapa escolar\u00a0<\/a><br \/>\n<a href=\"https:\/\/drive.google.com\/file\/d\/18dOgR98RAuEp-lKla0x0OqhsBM5dw_5U\/view?usp=drive_link\">Publicaci\u00f3 de l&#8217;oferta<\/a><a href=\"https:\/\/drive.google.com\/file\/d\/18dOgR98RAuEp-lKla0x0OqhsBM5dw_5U\/view?usp=drive_link\">:<\/a>3 de mar\u00e7 de 2026<br \/>\n<a href=\"https:\/\/drive.google.com\/file\/d\/1-xjKdVc_LVl3tLdipGo4rmvGosF9M8N9\/view?usp=drive_link\">Llista de sol\u00b7licituds amb la puntuaci\u00f3 provisional<\/a> 15 d&#8217;abril<br \/>\nTermini per presentar una reclamaci\u00f3 15 al 20&hellip;  <a href=\"https:\/\/agora.xtec.cat\/escola-norai-montgat\/general\/preinscripcio-matricula-2026-2027\/\" title=\"Read preinscripci\u00f3 matr\u00edcula 2026-2027\">Llegeix m\u00e9s\u00bb<\/a><\/p>\n","protected":false},"author":1,"featured_media":0,"comment_status":"open","ping_status":"open","sticky":false,"template":"","format":"standard","meta":{"_bbp_topic_count":0,"_bbp_reply_count":0,"_bbp_total_topic_count":0,"_bbp_total_reply_count":0,"_bbp_voice_count":0,"_bbp_anonymous_reply_count":0,"_bbp_topic_count_hidden":0,"_bbp_reply_count_hidden":0,"_bbp_forum_subforum_count":0,"footnotes":""},"categories":[1,4],"tags":[],"class_list":["post-3566","post","type-post","status-publish","format-standard","hentry","category-general","category-portada"],"post_mailing_queue_ids":[],"_links":{"self":[{"href":"https:\/\/agora.xtec.cat\/escola-norai-montgat\/wp-json\/wp\/v2\/posts\/3566","targetHints":{"allow":["GET"]}}],"collection":[{"href":"https:\/\/agora.xtec.cat\/escola-norai-montgat\/wp-json\/wp\/v2\/posts"}],"about":[{"href":"https:\/\/agora.xtec.cat\/escola-norai-montgat\/wp-json\/wp\/v2\/types\/post"}],"author":[{"embeddable":true,"href":"https:\/\/agora.xtec.cat\/escola-norai-montgat\/wp-json\/wp\/v2\/users\/1"}],"replies":[{"embeddable":true,"href":"https:\/\/agora.xtec.cat\/escola-norai-montgat\/wp-json\/wp\/v2\/comments?post=3566"}],"version-history":[{"count":6,"href":"https:\/\/agora.xtec.cat\/escola-norai-montgat\/wp-json\/wp\/v2\/posts\/3566\/revisions"}],"predecessor-version":[{"id":3629,"href":"https:\/\/agora.xtec.cat\/escola-norai-montgat\/wp-json\/wp\/v2\/posts\/3566\/revisions\/3629"}],"wp:attachment":[{"href":"https:\/\/agora.xtec.cat\/escola-norai-montgat\/wp-json\/wp\/v2\/media?parent=3566"}],"wp:term":[{"taxonomy":"category","embeddable":true,"href":"https:\/\/agora.xtec.cat\/escola-norai-montgat\/wp-json\/wp\/v2\/categories?post=3566"},{"taxonomy":"post_tag","embeddable":true,"href":"https:\/\/agora.xtec.cat\/escola-norai-montgat\/wp-json\/wp\/v2\/tags?post=3566"}],"curies":[{"name":"wp","href":"https:\/\/api.w.org\/{rel}","templated":true}]}}