{"id":2938,"date":"2025-02-24T21:08:46","date_gmt":"2025-02-24T20:08:46","guid":{"rendered":"https:\/\/agora.xtec.cat\/escola-norai-montgat\/?p=2938"},"modified":"2025-10-27T13:30:17","modified_gmt":"2025-10-27T12:30:17","slug":"preinscripcio-i-matricula-curs-2025-2026","status":"publish","type":"post","link":"https:\/\/agora.xtec.cat\/escola-norai-montgat\/general\/preinscripcio-i-matricula-curs-2025-2026\/","title":{"rendered":"preinscripci\u00f3 i matr\u00edcula curs 2025-2026"},"content":{"rendered":"<h5><\/h5>\n<p><img loading=\"lazy\" decoding=\"async\" class=\"alignleft size-large wp-image-2940\" src=\"https:\/\/agora.xtec.cat\/escola-norai-montgat\/wp-content\/uploads\/usu1780\/2025\/02\/imatge-impacte-1024x200.jpg\" alt=\"\" width=\"1024\" height=\"200\" srcset=\"https:\/\/agora.xtec.cat\/escola-norai-montgat\/wp-content\/uploads\/usu1780\/2025\/02\/imatge-impacte-1024x200.jpg 1024w, https:\/\/agora.xtec.cat\/escola-norai-montgat\/wp-content\/uploads\/usu1780\/2025\/02\/imatge-impacte-300x59.jpg 300w, https:\/\/agora.xtec.cat\/escola-norai-montgat\/wp-content\/uploads\/usu1780\/2025\/02\/imatge-impacte-768x150.jpg 768w, https:\/\/agora.xtec.cat\/escola-norai-montgat\/wp-content\/uploads\/usu1780\/2025\/02\/imatge-impacte-1536x301.jpg 1536w, https:\/\/agora.xtec.cat\/escola-norai-montgat\/wp-content\/uploads\/usu1780\/2025\/02\/imatge-impacte.jpg 1900w\" sizes=\"auto, (max-width: 1024px) 100vw, 1024px\" \/>CALENDARI<\/p>\n<h3>Matr\u00edcula presencial: del 25 de juny al 3 de juliol (Cal portar una fotografia i el carnet de vacunes)<\/h3>\n<h5><a href=\"https:\/\/agora.xtec.cat\/escola-norai-montgat\/wp-content\/uploads\/usu1780\/2025\/02\/INFORME_ASSIGNADES.pdf\"><span style=\"text-decoration: underline;\">Llista preinscripcions admeses<\/span><\/a>: 16 de juny<\/h5>\n<h5><a href=\"https:\/\/agora.xtec.cat\/escola-norai-montgat\/wp-content\/uploads\/usu1780\/2025\/02\/INFORME_LLISTA_ESPERA.pdf\"><span style=\"text-decoration: underline;\">Llista d&#8217;espera<\/span><\/a>: 16 de juny<\/h5>\n<h5><a href=\"https:\/\/agora.xtec.cat\/escola-norai-montgat\/wp-content\/uploads\/usu1780\/2025\/02\/INFORME_OFERTA_DEFINITIVA.pdf\"><span style=\"text-decoration: underline;\">Oferta definitiva<\/span><\/a>: 16 de juny<\/h5>\n<h5><a href=\"https:\/\/agora.xtec.cat\/escola-norai-montgat\/wp-content\/uploads\/usu1780\/2025\/02\/INFORME_BAREM_DEFINITIU_BAREM-3.pdf\"><span style=\"text-decoration: underline;\">Publicaci\u00f3 de la llista ordenada de sol\u00b7licitud<\/span>s: 9 de maig<\/a><\/h5>\n<h5>Sorteig <a href=\"https:\/\/preinscripcio.gencat.cat\/ca\/detalls\/noticia\/20250508-preinscripcio-sorteig-obligatoris\">nombre desempat<\/a>: 8 de maig<\/h5>\n<h5><a href=\"https:\/\/agora.xtec.cat\/escola-norai-montgat\/wp-content\/uploads\/usu1780\/2025\/02\/INFORME_BAREM_RESOLTES_BAREM-3.pdf\"><span style=\"text-decoration: underline;\">Publicaci\u00f3 de la llista amb la puntuaci\u00f3, resoltes les reclamacions<\/span>: 5 de maig<\/a><\/h5>\n<h5><a href=\"https:\/\/agora.xtec.cat\/escola-norai-montgat\/wp-content\/uploads\/usu1780\/2025\/02\/INFORME_BAREM_PROVISIONAL_BAREM-3.pdf\"><span style=\"text-decoration: underline;\">Publicaci\u00f3 de la llista de sol\u00b7licituds amb la puntuaci\u00f3 provisional<\/span>: 24 d&#8217;abril<\/a><\/h5>\n<h5>Preinscripci\u00f3: <strong>del 12 al 26 de mar\u00e7 de 2025<\/strong><\/h5>\n<h5><a href=\"http:\/\/mapaescolar.gencat.cat\/\">Mapa escolar\u00a0<\/a><\/h5>\n<h5><strong><a href=\"https:\/\/agora.xtec.cat\/escola-norai-montgat\/wp-content\/uploads\/usu1780\/2025\/02\/INFORME_OFERTA_OME_INFORME_OFERTA-1.pdf\"><span style=\"text-decoration: underline;\">Publicaci\u00f3 de l&#8217;oferta<\/span>: 11 de mar\u00e7 de 2025\u00a0\u00a0<\/a><\/strong><\/h5>\n<h5><span style=\"text-decoration: underline;\"><a href=\"https:\/\/agora.xtec.cat\/escola-norai-montgat\/wp-content\/uploads\/usu1780\/2025\/02\/informacions-rellevants.docx.pdf\">Informacions rellevants de l&#8217;escola Norai<\/a><\/span><\/h5>\n<h5>M\u00e9s informaci\u00f3:<\/h5>\n<h5><a href=\"https:\/\/preinscripcio.gencat.cat\/ca\/estudis\/infantil-3-6\/inici\/\">La preinscripci\u00f3 escolar a l&#8217;educaci\u00f3 infantil (3-6 anys)<\/a><\/h5>\n<h5><a href=\"https:\/\/preinscripcio.gencat.cat\/ca\/estudis\/primaria\/inici\/\">La preinscripci\u00f3 escolar a l&#8217;educaci\u00f3 prim\u00e0ria<\/a><\/h5>\n","protected":false},"excerpt":{"rendered":"<p>CALENDARI<br \/>\nMatr\u00edcula presencial: del 25 de juny al 3 de juliol (Cal portar una fotografia i el carnet de vacunes)<br \/>\n<a href=\"https:\/\/agora.xtec.cat\/escola-norai-montgat\/wp-content\/uploads\/usu1780\/2025\/02\/INFORME_ASSIGNADES.pdf\">Llista preinscripcions admeses<\/a>: 16 de juny<br \/>\n<a href=\"https:\/\/agora.xtec.cat\/escola-norai-montgat\/wp-content\/uploads\/usu1780\/2025\/02\/INFORME_LLISTA_ESPERA.pdf\">Llista d&#8217;espera<\/a>: 16 de juny<br \/>\n<a href=\"https:\/\/agora.xtec.cat\/escola-norai-montgat\/wp-content\/uploads\/usu1780\/2025\/02\/INFORME_OFERTA_DEFINITIVA.pdf\">Oferta definitiva<\/a>: 16 de juny<br \/>\n<a href=\"https:\/\/agora.xtec.cat\/escola-norai-montgat\/wp-content\/uploads\/usu1780\/2025\/02\/INFORME_BAREM_DEFINITIU_BAREM-3.pdf\">Publicaci\u00f3 de la llista ordenada de sol\u00b7licituds: 9 de maig<\/a><br \/>\nSorteig&hellip;  <a href=\"https:\/\/agora.xtec.cat\/escola-norai-montgat\/general\/preinscripcio-i-matricula-curs-2025-2026\/\" title=\"Read preinscripci\u00f3 i matr\u00edcula curs 2025-2026\">Llegeix m\u00e9s\u00bb<\/a><\/p>\n","protected":false},"author":1,"featured_media":0,"comment_status":"open","ping_status":"closed","sticky":false,"template":"","format":"standard","meta":{"_bbp_topic_count":0,"_bbp_reply_count":0,"_bbp_total_topic_count":0,"_bbp_total_reply_count":0,"_bbp_voice_count":0,"_bbp_anonymous_reply_count":0,"_bbp_topic_count_hidden":0,"_bbp_reply_count_hidden":0,"_bbp_forum_subforum_count":0,"footnotes":""},"categories":[1,59,4],"tags":[],"class_list":["post-2938","post","type-post","status-publish","format-standard","hentry","category-general","category-nova-matricula","category-portada"],"post_mailing_queue_ids":[],"_links":{"self":[{"href":"https:\/\/agora.xtec.cat\/escola-norai-montgat\/wp-json\/wp\/v2\/posts\/2938","targetHints":{"allow":["GET"]}}],"collection":[{"href":"https:\/\/agora.xtec.cat\/escola-norai-montgat\/wp-json\/wp\/v2\/posts"}],"about":[{"href":"https:\/\/agora.xtec.cat\/escola-norai-montgat\/wp-json\/wp\/v2\/types\/post"}],"author":[{"embeddable":true,"href":"https:\/\/agora.xtec.cat\/escola-norai-montgat\/wp-json\/wp\/v2\/users\/1"}],"replies":[{"embeddable":true,"href":"https:\/\/agora.xtec.cat\/escola-norai-montgat\/wp-json\/wp\/v2\/comments?post=2938"}],"version-history":[{"count":7,"href":"https:\/\/agora.xtec.cat\/escola-norai-montgat\/wp-json\/wp\/v2\/posts\/2938\/revisions"}],"predecessor-version":[{"id":3005,"href":"https:\/\/agora.xtec.cat\/escola-norai-montgat\/wp-json\/wp\/v2\/posts\/2938\/revisions\/3005"}],"wp:attachment":[{"href":"https:\/\/agora.xtec.cat\/escola-norai-montgat\/wp-json\/wp\/v2\/media?parent=2938"}],"wp:term":[{"taxonomy":"category","embeddable":true,"href":"https:\/\/agora.xtec.cat\/escola-norai-montgat\/wp-json\/wp\/v2\/categories?post=2938"},{"taxonomy":"post_tag","embeddable":true,"href":"https:\/\/agora.xtec.cat\/escola-norai-montgat\/wp-json\/wp\/v2\/tags?post=2938"}],"curies":[{"name":"wp","href":"https:\/\/api.w.org\/{rel}","templated":true}]}}