{"id":2598,"date":"2024-12-14T20:00:59","date_gmt":"2024-12-14T19:00:59","guid":{"rendered":"https:\/\/agora.xtec.cat\/escola-norai-montgat\/?p=2598"},"modified":"2024-12-18T10:25:15","modified_gmt":"2024-12-18T09:25:15","slug":"jornada-formativa-per-a-professionals-de-leducacio","status":"publish","type":"post","link":"https:\/\/agora.xtec.cat\/escola-norai-montgat\/general\/jornada-formativa-per-a-professionals-de-leducacio\/","title":{"rendered":"jornada formativa per a professionals de l&#8217;educaci\u00f3"},"content":{"rendered":"<h5><strong><img loading=\"lazy\" decoding=\"async\" class=\"alignleft wp-image-2919\" src=\"https:\/\/agora.xtec.cat\/escola-norai-montgat\/wp-content\/uploads\/usu1780\/2023\/04\/Copia-de-Copia-de-Twitter-Post-Portes-obertes-per-a-professionals-de-leducacio-1024x576.png\" alt=\"\" width=\"500\" height=\"281\" srcset=\"https:\/\/agora.xtec.cat\/escola-norai-montgat\/wp-content\/uploads\/usu1780\/2023\/04\/Copia-de-Copia-de-Twitter-Post-Portes-obertes-per-a-professionals-de-leducacio-1024x576.png 1024w, https:\/\/agora.xtec.cat\/escola-norai-montgat\/wp-content\/uploads\/usu1780\/2023\/04\/Copia-de-Copia-de-Twitter-Post-Portes-obertes-per-a-professionals-de-leducacio-300x169.png 300w, https:\/\/agora.xtec.cat\/escola-norai-montgat\/wp-content\/uploads\/usu1780\/2023\/04\/Copia-de-Copia-de-Twitter-Post-Portes-obertes-per-a-professionals-de-leducacio-768x432.png 768w, https:\/\/agora.xtec.cat\/escola-norai-montgat\/wp-content\/uploads\/usu1780\/2023\/04\/Copia-de-Copia-de-Twitter-Post-Portes-obertes-per-a-professionals-de-leducacio-1536x864.png 1536w, https:\/\/agora.xtec.cat\/escola-norai-montgat\/wp-content\/uploads\/usu1780\/2023\/04\/Copia-de-Copia-de-Twitter-Post-Portes-obertes-per-a-professionals-de-leducacio.png 1600w\" sizes=\"auto, (max-width: 500px) 100vw, 500px\" \/><\/strong><\/h5>\n<h5><strong>INSCRIPCI\u00d3 TANCADA!!!!!!!<\/strong><\/h5>\n<h5><\/h5>\n<h5>El <b>dissabte 18 de gener <\/b>farem una jornada formativa per a professionals de l&#8217;educaci\u00f3 sobre el nostre projecte educatiu.<br \/>\nLa jornada tindr\u00e0 la seg\u00fcent estructura:<br \/>\n<b>10\u202fh Sala Pau Casals de la Biblioteca de Montgat<\/b>\u00a0&#8212; Explicaci\u00f3 del nostre Projecte Educatiu<br \/>\n<b>12\u202fh Escola Norai\u00a0<\/b>&#8212; Visita de l&#8217;escola: materials i espais<\/h5>\n<p>El cost de l&#8217;activitat \u00e9s de 20\u20ac. Els guanys es destinaran a la compra de literatura infantil en catal\u00e0 per a les escoles del Pa\u00eds Valenci\u00e0 afectades per la Dana.<\/p>\n<p><a href=\"https:\/\/tuit.cat\/yO2Cz\">formulari d&#8217;inscripci\u00f3<\/a><\/p>\n<p>&nbsp;<\/p>\n<p>&nbsp;<\/p>\n","protected":false},"excerpt":{"rendered":"<p>INSCRIPCI\u00d3 TANCADA!!!!!!!<\/p>\n<p>El dissabte 18 de gener farem una jornada formativa per a professionals de l&#8217;educaci\u00f3 sobre el nostre projecte educatiu.<br \/>\nLa jornada tindr\u00e0 la seg\u00fcent estructura:<br \/>\n10\u202fh Sala Pau Casals de la Biblioteca de Montgat\u00a0&#8212; Explicaci\u00f3 del nostre Projecte Educatiu<br \/>\n12\u202fh Escola Norai\u00a0&#8212; Visita de l&#8217;escola: materials i&hellip;  <a href=\"https:\/\/agora.xtec.cat\/escola-norai-montgat\/general\/jornada-formativa-per-a-professionals-de-leducacio\/\" title=\"Read jornada formativa per a professionals de l&#8217;educaci\u00f3\">Llegeix m\u00e9s\u00bb<\/a><\/p>\n","protected":false},"author":1,"featured_media":0,"comment_status":"open","ping_status":"closed","sticky":false,"template":"","format":"standard","meta":{"_bbp_topic_count":0,"_bbp_reply_count":0,"_bbp_total_topic_count":0,"_bbp_total_reply_count":0,"_bbp_voice_count":0,"_bbp_anonymous_reply_count":0,"_bbp_topic_count_hidden":0,"_bbp_reply_count_hidden":0,"_bbp_forum_subforum_count":0,"footnotes":""},"categories":[1,4],"tags":[],"class_list":["post-2598","post","type-post","status-publish","format-standard","hentry","category-general","category-portada"],"post_mailing_queue_ids":[],"_links":{"self":[{"href":"https:\/\/agora.xtec.cat\/escola-norai-montgat\/wp-json\/wp\/v2\/posts\/2598","targetHints":{"allow":["GET"]}}],"collection":[{"href":"https:\/\/agora.xtec.cat\/escola-norai-montgat\/wp-json\/wp\/v2\/posts"}],"about":[{"href":"https:\/\/agora.xtec.cat\/escola-norai-montgat\/wp-json\/wp\/v2\/types\/post"}],"author":[{"embeddable":true,"href":"https:\/\/agora.xtec.cat\/escola-norai-montgat\/wp-json\/wp\/v2\/users\/1"}],"replies":[{"embeddable":true,"href":"https:\/\/agora.xtec.cat\/escola-norai-montgat\/wp-json\/wp\/v2\/comments?post=2598"}],"version-history":[{"count":6,"href":"https:\/\/agora.xtec.cat\/escola-norai-montgat\/wp-json\/wp\/v2\/posts\/2598\/revisions"}],"predecessor-version":[{"id":2921,"href":"https:\/\/agora.xtec.cat\/escola-norai-montgat\/wp-json\/wp\/v2\/posts\/2598\/revisions\/2921"}],"wp:attachment":[{"href":"https:\/\/agora.xtec.cat\/escola-norai-montgat\/wp-json\/wp\/v2\/media?parent=2598"}],"wp:term":[{"taxonomy":"category","embeddable":true,"href":"https:\/\/agora.xtec.cat\/escola-norai-montgat\/wp-json\/wp\/v2\/categories?post=2598"},{"taxonomy":"post_tag","embeddable":true,"href":"https:\/\/agora.xtec.cat\/escola-norai-montgat\/wp-json\/wp\/v2\/tags?post=2598"}],"curies":[{"name":"wp","href":"https:\/\/api.w.org\/{rel}","templated":true}]}}