{"id":2306,"date":"2021-10-07T19:40:17","date_gmt":"2021-10-07T17:40:17","guid":{"rendered":"https:\/\/agora.xtec.cat\/escola-norai-montgat\/?p=2306"},"modified":"2023-07-11T13:04:32","modified_gmt":"2023-07-11T11:04:32","slug":"lideratge-pedagogic","status":"publish","type":"post","link":"https:\/\/agora.xtec.cat\/escola-norai-montgat\/portada\/lideratge-pedagogic\/","title":{"rendered":"lideratge pedag\u00f2gic"},"content":{"rendered":"<h5>Conversa compartida despr\u00e9s de dinar<\/h5>\n<p><img loading=\"lazy\" decoding=\"async\" class=\"alignleft size-medium wp-image-2310\" src=\"https:\/\/agora.xtec.cat\/escola-norai-montgat\/wp-content\/uploads\/usu1780\/2021\/10\/imTGE-300x252.jpg\" alt=\"\" width=\"300\" height=\"252\" srcset=\"https:\/\/agora.xtec.cat\/escola-norai-montgat\/wp-content\/uploads\/usu1780\/2021\/10\/imTGE-300x252.jpg 300w, https:\/\/agora.xtec.cat\/escola-norai-montgat\/wp-content\/uploads\/usu1780\/2021\/10\/imTGE-1024x859.jpg 1024w, https:\/\/agora.xtec.cat\/escola-norai-montgat\/wp-content\/uploads\/usu1780\/2021\/10\/imTGE-768x644.jpg 768w, https:\/\/agora.xtec.cat\/escola-norai-montgat\/wp-content\/uploads\/usu1780\/2021\/10\/imTGE-1536x1288.jpg 1536w, https:\/\/agora.xtec.cat\/escola-norai-montgat\/wp-content\/uploads\/usu1780\/2021\/10\/imTGE-2048x1717.jpg 2048w\" sizes=\"auto, (max-width: 300px) 100vw, 300px\" \/><\/p>\n<p>\u00c9s dijous, hem acabat de dinar, ens hem preparat el caf\u00e8 o la infusi\u00f3 i ens hem trobat totes a l\u2019espai obert i flexible que hem estrenat aquest curs: est\u00e0 situat al centre de l\u2019escola, envoltat d\u2019espais on ara juguen, llegeixen o descansen els infants que s\u2019han quedat a dinar.<\/p>\n<p>Som un grup de professionals amb una passi\u00f3 comuna: l\u2019educaci\u00f3. Pensem, parlem, ens escoltem, reflexionem i, quan ens inspirem, assolim fites!<\/p>\n<p>Posem nom a un desig: <strong>codoc\u00e8ncia<\/strong>. Coincidim a preferir m\u00e9s infants i dues persones adultes a menys infants i una sola professional. Volem convertir la codoc\u00e8ncia en pr\u00e0ctica habitual, volem dedicar un mes al curs a \u00abrotar\u00bb pels espais de l\u2019escola, a demanar a una companya que analitzi cr\u00edticament la nostra pr\u00e0ctica docent, a poder observar com alg\u00fa acompanya un proc\u00e9s, volem aprendre de les altres i que les altres ens ajudin a millorar.<\/p>\n<p>Ens adonem d\u2019una pr\u00e0ctica habitual: <strong>autoavaluaci\u00f3 i esperit cr\u00edtic<\/strong>. No ens fa por trobar errades, no ens espanta revisar, canviar. Aprenem de les situacions cr\u00edtiques. Les errades ens fan avan\u00e7ar. Som un col\u00b7lectiu que no donem res per acabat, per inq\u00fcestionable o per segur. Hem fet de la constant revisi\u00f3 una estrat\u00e8gia de treball i de la justificaci\u00f3 pedag\u00f2gica, la nostra fortalesa.<\/p>\n<p>Compartim un fet: la creaci\u00f3 d\u2019una <strong>xarxa invisible de vincles de coneixen\u00e7a.<\/strong> Facilitem els espais de treball col\u00b7laboratiu formals i informals. Dinem juntes, planifiquem sempre totes juntes, preparem el material per als infants sense atendre qui ser\u00e0 la responsable de l\u2019activitat, fem torns d\u2019exterior intentant no repetir els grups. Durant la setmana, cadascuna de nosaltres t\u00e9 l\u2019opci\u00f3 de parlar, treballar i con\u00e8ixer millor a qualsevol altre membre de l\u2019equip.<\/p>\n<p>Establim un valor com a principi: <strong>la generositat.<\/strong> Quan l\u2019individu se sent part d\u2019un projecte trascendent i valu\u00f3s, no existeix la propietat privada, desapareix el prejudici, no hi t\u00e9 lloc la competitivitat. Totes som igual de necess\u00e0ries, igual de diferents. I cadascuna dona el millor que pot donar, sense condicions. No existeix jerarquia en els agrupaments, no hi ha cicles ni nivells a l\u2019hora de preparar la feina. Tots els infants s\u00f3n responsabilitat de tot l\u2019equip. El treball col.laboratiu esdev\u00e9 eina de gesti\u00f3.<\/p>\n<p>Parlar ens agrada, escoltar-nos tamb\u00e9&#8230; abocar \u00e9s m\u00e9s f\u00e0cil que ordenar! Deixem passar l\u2019estona, els sediments cauen al seu lloc&#8230; alg\u00fa li dona forma i es fa present el sentit de l\u2019aprenentatge: a la recerca d\u2019<strong>un ecosistema que apr\u00e8n<\/strong>!<\/p>\n<p>&nbsp;<\/p>\n","protected":false},"excerpt":{"rendered":"<p>Conversa compartida despr\u00e9s de dinar<\/p>\n<p>\u00c9s dijous, hem acabat de dinar, ens hem preparat el caf\u00e8 o la infusi\u00f3 i ens hem trobat totes a l\u2019espai obert i flexible que hem estrenat aquest curs: est\u00e0 situat al centre de l\u2019escola, envoltat d\u2019espais on ara juguen, llegeixen&hellip;  <a href=\"https:\/\/agora.xtec.cat\/escola-norai-montgat\/portada\/lideratge-pedagogic\/\" title=\"Read lideratge pedag\u00f2gic\">Llegeix m\u00e9s\u00bb<\/a><\/p>\n","protected":false},"author":1,"featured_media":2310,"comment_status":"open","ping_status":"closed","sticky":false,"template":"","format":"standard","meta":{"_bbp_topic_count":0,"_bbp_reply_count":0,"_bbp_total_topic_count":0,"_bbp_total_reply_count":0,"_bbp_voice_count":0,"_bbp_anonymous_reply_count":0,"_bbp_topic_count_hidden":0,"_bbp_reply_count_hidden":0,"_bbp_forum_subforum_count":0,"footnotes":""},"categories":[4],"tags":[83,84,82],"class_list":["post-2306","post","type-post","status-publish","format-standard","has-post-thumbnail","hentry","category-portada","tag-pacte-exc","tag-referents","tag-xtte"],"post_mailing_queue_ids":[],"_links":{"self":[{"href":"https:\/\/agora.xtec.cat\/escola-norai-montgat\/wp-json\/wp\/v2\/posts\/2306","targetHints":{"allow":["GET"]}}],"collection":[{"href":"https:\/\/agora.xtec.cat\/escola-norai-montgat\/wp-json\/wp\/v2\/posts"}],"about":[{"href":"https:\/\/agora.xtec.cat\/escola-norai-montgat\/wp-json\/wp\/v2\/types\/post"}],"author":[{"embeddable":true,"href":"https:\/\/agora.xtec.cat\/escola-norai-montgat\/wp-json\/wp\/v2\/users\/1"}],"replies":[{"embeddable":true,"href":"https:\/\/agora.xtec.cat\/escola-norai-montgat\/wp-json\/wp\/v2\/comments?post=2306"}],"version-history":[{"count":3,"href":"https:\/\/agora.xtec.cat\/escola-norai-montgat\/wp-json\/wp\/v2\/posts\/2306\/revisions"}],"predecessor-version":[{"id":2312,"href":"https:\/\/agora.xtec.cat\/escola-norai-montgat\/wp-json\/wp\/v2\/posts\/2306\/revisions\/2312"}],"wp:featuredmedia":[{"embeddable":true,"href":"https:\/\/agora.xtec.cat\/escola-norai-montgat\/wp-json\/wp\/v2\/media\/2310"}],"wp:attachment":[{"href":"https:\/\/agora.xtec.cat\/escola-norai-montgat\/wp-json\/wp\/v2\/media?parent=2306"}],"wp:term":[{"taxonomy":"category","embeddable":true,"href":"https:\/\/agora.xtec.cat\/escola-norai-montgat\/wp-json\/wp\/v2\/categories?post=2306"},{"taxonomy":"post_tag","embeddable":true,"href":"https:\/\/agora.xtec.cat\/escola-norai-montgat\/wp-json\/wp\/v2\/tags?post=2306"}],"curies":[{"name":"wp","href":"https:\/\/api.w.org\/{rel}","templated":true}]}}