{"id":2172,"date":"2021-03-30T19:00:43","date_gmt":"2021-03-30T17:00:43","guid":{"rendered":"http:\/\/agora.xtec.cat\/escola-norai-montgat\/?p=2172"},"modified":"2021-03-30T19:29:27","modified_gmt":"2021-03-30T17:29:27","slug":"portes-obertes-virtuals-per-a-professionals-de-leducacio","status":"publish","type":"post","link":"https:\/\/agora.xtec.cat\/escola-norai-montgat\/general\/portes-obertes-virtuals-per-a-professionals-de-leducacio\/","title":{"rendered":"portes obertes virtuals per a professionals de l&#8217;educaci\u00f3"},"content":{"rendered":"<p><span style=\"font-family: inherit; font-size: 1em;\">Hem rebut nombrosos missatges de persones amigues, companyes, col\u00b7legues&#8230; interessant-se per la nostra metodologia i forma de treballar&#8230; i nosaltres, encantades de compartir i fer xarxa amb qui ens vulgui escoltar. \u00c9s per aix\u00f2 que hem decidit organitzar una tercera jornada de portes obertes virtuals, per a professionals de l&#8217;educaci\u00f3. Us volem mostrar com treballem i per qu\u00e8 ho fem d&#8217;aquesta manera.<\/span><br \/>\nSi teniu inter\u00e8s en la nostra escola, accediu al formulari:<\/p>\n<p><a href=\"https:\/\/forms.gle\/ZMZtygJ4TiBLc5eB6\">https:\/\/forms.gle\/ZMZtygJ4TiBLc5eB6<\/a><\/p>\n<p>Moltes gr\u00e0cies<\/p>\n<p><img loading=\"lazy\" decoding=\"async\" class=\"alignleft wp-image-2174 size-large\" src=\"https:\/\/agora.xtec.cat\/escola-norai-montgat\/wp-content\/uploads\/usu1780\/2021\/03\/IMG-20210330-WA0000-1-1024x419.jpg\" alt=\"\" width=\"1024\" height=\"419\" srcset=\"https:\/\/agora.xtec.cat\/escola-norai-montgat\/wp-content\/uploads\/usu1780\/2021\/03\/IMG-20210330-WA0000-1-1024x419.jpg 1024w, https:\/\/agora.xtec.cat\/escola-norai-montgat\/wp-content\/uploads\/usu1780\/2021\/03\/IMG-20210330-WA0000-1-300x123.jpg 300w, https:\/\/agora.xtec.cat\/escola-norai-montgat\/wp-content\/uploads\/usu1780\/2021\/03\/IMG-20210330-WA0000-1-768x314.jpg 768w, https:\/\/agora.xtec.cat\/escola-norai-montgat\/wp-content\/uploads\/usu1780\/2021\/03\/IMG-20210330-WA0000-1.jpg 1462w\" sizes=\"auto, (max-width: 1024px) 100vw, 1024px\" \/><\/p>\n","protected":false},"excerpt":{"rendered":"<p>Hem rebut nombrosos missatges de persones amigues, companyes, col\u00b7legues&#8230; interessant-se per la nostra metodologia i forma de treballar&#8230; i nosaltres, encantades de compartir i fer xarxa amb qui ens vulgui escoltar. \u00c9s per aix\u00f2 que hem decidit organitzar una tercera jornada de portes obertes virtuals,&hellip;  <a href=\"https:\/\/agora.xtec.cat\/escola-norai-montgat\/general\/portes-obertes-virtuals-per-a-professionals-de-leducacio\/\" title=\"Read portes obertes virtuals per a professionals de l&#8217;educaci\u00f3\">Llegeix m\u00e9s\u00bb<\/a><\/p>\n","protected":false},"author":1,"featured_media":2174,"comment_status":"open","ping_status":"closed","sticky":false,"template":"","format":"standard","meta":{"_bbp_topic_count":0,"_bbp_reply_count":0,"_bbp_total_topic_count":0,"_bbp_total_reply_count":0,"_bbp_voice_count":0,"_bbp_anonymous_reply_count":0,"_bbp_topic_count_hidden":0,"_bbp_reply_count_hidden":0,"_bbp_forum_subforum_count":0,"footnotes":""},"categories":[1,4],"tags":[],"class_list":["post-2172","post","type-post","status-publish","format-standard","has-post-thumbnail","hentry","category-general","category-portada"],"post_mailing_queue_ids":[],"_links":{"self":[{"href":"https:\/\/agora.xtec.cat\/escola-norai-montgat\/wp-json\/wp\/v2\/posts\/2172","targetHints":{"allow":["GET"]}}],"collection":[{"href":"https:\/\/agora.xtec.cat\/escola-norai-montgat\/wp-json\/wp\/v2\/posts"}],"about":[{"href":"https:\/\/agora.xtec.cat\/escola-norai-montgat\/wp-json\/wp\/v2\/types\/post"}],"author":[{"embeddable":true,"href":"https:\/\/agora.xtec.cat\/escola-norai-montgat\/wp-json\/wp\/v2\/users\/1"}],"replies":[{"embeddable":true,"href":"https:\/\/agora.xtec.cat\/escola-norai-montgat\/wp-json\/wp\/v2\/comments?post=2172"}],"version-history":[{"count":3,"href":"https:\/\/agora.xtec.cat\/escola-norai-montgat\/wp-json\/wp\/v2\/posts\/2172\/revisions"}],"predecessor-version":[{"id":2182,"href":"https:\/\/agora.xtec.cat\/escola-norai-montgat\/wp-json\/wp\/v2\/posts\/2172\/revisions\/2182"}],"wp:featuredmedia":[{"embeddable":true,"href":"https:\/\/agora.xtec.cat\/escola-norai-montgat\/wp-json\/wp\/v2\/media\/2174"}],"wp:attachment":[{"href":"https:\/\/agora.xtec.cat\/escola-norai-montgat\/wp-json\/wp\/v2\/media?parent=2172"}],"wp:term":[{"taxonomy":"category","embeddable":true,"href":"https:\/\/agora.xtec.cat\/escola-norai-montgat\/wp-json\/wp\/v2\/categories?post=2172"},{"taxonomy":"post_tag","embeddable":true,"href":"https:\/\/agora.xtec.cat\/escola-norai-montgat\/wp-json\/wp\/v2\/tags?post=2172"}],"curies":[{"name":"wp","href":"https:\/\/api.w.org\/{rel}","templated":true}]}}