{"id":2052,"date":"2021-03-09T16:15:15","date_gmt":"2021-03-09T15:15:15","guid":{"rendered":"http:\/\/agora.xtec.cat\/escola-norai-montgat\/?p=2052"},"modified":"2021-03-10T14:29:05","modified_gmt":"2021-03-10T13:29:05","slug":"preinscripcio-curs-2021-2022","status":"publish","type":"post","link":"https:\/\/agora.xtec.cat\/escola-norai-montgat\/general\/preinscripcio-curs-2021-2022\/","title":{"rendered":"portes obertes virtuals"},"content":{"rendered":"<div class=\"FW_sArticleFoto\">\n<div class=\"FW_sEditPro\">\n<h3><img loading=\"lazy\" decoding=\"async\" class=\"wp-image-2070 alignnone\" style=\"font-family: inherit; font-size: 1em; font-weight: normal;\" src=\"https:\/\/agora.xtec.cat\/escola-norai-montgat\/wp-content\/uploads\/usu1780\/2021\/01\/preinscripci\u00f3-300x300.jpg\" alt=\"\" width=\"450\" height=\"450\" srcset=\"https:\/\/agora.xtec.cat\/escola-norai-montgat\/wp-content\/uploads\/usu1780\/2021\/01\/preinscripci\u00f3-300x300.jpg 300w, https:\/\/agora.xtec.cat\/escola-norai-montgat\/wp-content\/uploads\/usu1780\/2021\/01\/preinscripci\u00f3-150x150.jpg 150w, https:\/\/agora.xtec.cat\/escola-norai-montgat\/wp-content\/uploads\/usu1780\/2021\/01\/preinscripci\u00f3-768x768.jpg 768w, https:\/\/agora.xtec.cat\/escola-norai-montgat\/wp-content\/uploads\/usu1780\/2021\/01\/preinscripci\u00f3-1024x1024.jpg 1024w, https:\/\/agora.xtec.cat\/escola-norai-montgat\/wp-content\/uploads\/usu1780\/2021\/01\/preinscripci\u00f3.jpg 1080w\" sizes=\"auto, (max-width: 450px) 100vw, 450px\" \/><\/h3>\n<\/div>\n<\/div>\n<h4><span style=\"text-decoration: underline;\">portes obertes virtuals<\/span><br \/>\nus convidem a una trobada amb l&#8217;equip educatiu de l&#8217;escola<br \/>\ndeixeu-nos les vostres dades i us enviarem un enlla\u00e7 per poder-hi accedir<br \/>\n<span style=\"text-decoration: underline;\"><a href=\"https:\/\/docs.google.com\/forms\/d\/e\/1FAIpQLSc52A6Osrrvj9YTN3YurmtLcgQF_DDobVywGBjWXXhMXisRfA\/viewform?usp=sf_link\">formulari d&#8217;inscripci\u00f3<\/a><\/span><br \/>\nsi teniu qualsevol dubte:<br \/>\n. podeu escriure&#8217;ns al correu de l&#8217;escola: escola-norai-montgat@xtec.cat<br \/>\n. podeu trucar-nos al 627558497<\/h4>\n<h4><span style=\"text-decoration: underline;\">previsi\u00f3 de les dates del proc\u00e9s de preinscripci\u00f3:<\/span><\/h4>\n<h4>del 15 al 24 de mar\u00e7 de 2021<br \/>\nm\u00e9s informaci\u00f3 : <a href=\"https:\/\/preinscripcio.gencat.cat\/ca\/inici\">Departament d&#8217;Educaci\u00f3<\/a><\/h4>\n<p><img loading=\"lazy\" decoding=\"async\" class=\"alignleft wp-image-2071\" src=\"https:\/\/agora.xtec.cat\/escola-norai-montgat\/wp-content\/uploads\/usu1780\/2021\/01\/WhatsApp-Image-2021-01-22-at-12.58.57-300x124.jpeg\" alt=\"\" width=\"500\" height=\"207\" srcset=\"https:\/\/agora.xtec.cat\/escola-norai-montgat\/wp-content\/uploads\/usu1780\/2021\/01\/WhatsApp-Image-2021-01-22-at-12.58.57-300x124.jpeg 300w, https:\/\/agora.xtec.cat\/escola-norai-montgat\/wp-content\/uploads\/usu1780\/2021\/01\/WhatsApp-Image-2021-01-22-at-12.58.57-768x317.jpeg 768w, https:\/\/agora.xtec.cat\/escola-norai-montgat\/wp-content\/uploads\/usu1780\/2021\/01\/WhatsApp-Image-2021-01-22-at-12.58.57-1024x423.jpeg 1024w, https:\/\/agora.xtec.cat\/escola-norai-montgat\/wp-content\/uploads\/usu1780\/2021\/01\/WhatsApp-Image-2021-01-22-at-12.58.57.jpeg 1212w\" sizes=\"auto, (max-width: 500px) 100vw, 500px\" \/><\/p>\n<p>&nbsp;<\/p>\n","protected":false},"excerpt":{"rendered":"<p>portes obertes virtuals<br \/>\nus convidem a una trobada amb l&#8217;equip educatiu de l&#8217;escola<br \/>\ndeixeu-nos les vostres dades i us enviarem un enlla\u00e7 per poder-hi accedir<br \/>\n<a href=\"https:\/\/docs.google.com\/forms\/d\/e\/1FAIpQLSc52A6Osrrvj9YTN3YurmtLcgQF_DDobVywGBjWXXhMXisRfA\/viewform?usp=sf_link\">formulari d&#8217;inscripci\u00f3<\/a><br \/>\nsi teniu qualsevol dubte:<br \/>\n. podeu escriure&#8217;ns al correu de l&#8217;escola: escola-norai-montgat@xtec.cat<br \/>\n. podeu trucar-nos al 627558497<br \/>\nprevisi\u00f3 de les dates del proc\u00e9s de&hellip;  <a href=\"https:\/\/agora.xtec.cat\/escola-norai-montgat\/general\/preinscripcio-curs-2021-2022\/\" title=\"Read portes obertes virtuals\">Llegeix m\u00e9s\u00bb<\/a><\/p>\n","protected":false},"author":1,"featured_media":0,"comment_status":"closed","ping_status":"closed","sticky":false,"template":"","format":"standard","meta":{"_bbp_topic_count":0,"_bbp_reply_count":0,"_bbp_total_topic_count":0,"_bbp_total_reply_count":0,"_bbp_voice_count":0,"_bbp_anonymous_reply_count":0,"_bbp_topic_count_hidden":0,"_bbp_reply_count_hidden":0,"_bbp_forum_subforum_count":0,"footnotes":""},"categories":[1,59,4],"tags":[],"class_list":["post-2052","post","type-post","status-publish","format-standard","hentry","category-general","category-nova-matricula","category-portada"],"post_mailing_queue_ids":[],"_links":{"self":[{"href":"https:\/\/agora.xtec.cat\/escola-norai-montgat\/wp-json\/wp\/v2\/posts\/2052","targetHints":{"allow":["GET"]}}],"collection":[{"href":"https:\/\/agora.xtec.cat\/escola-norai-montgat\/wp-json\/wp\/v2\/posts"}],"about":[{"href":"https:\/\/agora.xtec.cat\/escola-norai-montgat\/wp-json\/wp\/v2\/types\/post"}],"author":[{"embeddable":true,"href":"https:\/\/agora.xtec.cat\/escola-norai-montgat\/wp-json\/wp\/v2\/users\/1"}],"replies":[{"embeddable":true,"href":"https:\/\/agora.xtec.cat\/escola-norai-montgat\/wp-json\/wp\/v2\/comments?post=2052"}],"version-history":[{"count":4,"href":"https:\/\/agora.xtec.cat\/escola-norai-montgat\/wp-json\/wp\/v2\/posts\/2052\/revisions"}],"predecessor-version":[{"id":2156,"href":"https:\/\/agora.xtec.cat\/escola-norai-montgat\/wp-json\/wp\/v2\/posts\/2052\/revisions\/2156"}],"wp:attachment":[{"href":"https:\/\/agora.xtec.cat\/escola-norai-montgat\/wp-json\/wp\/v2\/media?parent=2052"}],"wp:term":[{"taxonomy":"category","embeddable":true,"href":"https:\/\/agora.xtec.cat\/escola-norai-montgat\/wp-json\/wp\/v2\/categories?post=2052"},{"taxonomy":"post_tag","embeddable":true,"href":"https:\/\/agora.xtec.cat\/escola-norai-montgat\/wp-json\/wp\/v2\/tags?post=2052"}],"curies":[{"name":"wp","href":"https:\/\/api.w.org\/{rel}","templated":true}]}}