{"id":1909,"date":"2020-10-13T17:27:42","date_gmt":"2020-10-13T15:27:42","guid":{"rendered":"http:\/\/agora.xtec.cat\/escola-norai-montgat\/?p=1909"},"modified":"2020-10-13T17:27:42","modified_gmt":"2020-10-13T15:27:42","slug":"laboratori-de-transformacio-educativa","status":"publish","type":"post","link":"https:\/\/agora.xtec.cat\/escola-norai-montgat\/general\/laboratori-de-transformacio-educativa\/","title":{"rendered":"laboratori de transformaci\u00f3 educativa"},"content":{"rendered":"<h6>Avui inciem el nostre cam\u00ed com a centre avan\u00e7at en transformaci\u00f3 educativa.<\/h6>\n<p>Ens il\u00b7lusiona formar part d&#8217;aquest esperit de transformaci\u00f3 del sistema i entomem el repte amb comprom\u00eds i professionalitat.<\/p>\n<p>&nbsp;<\/p>\n<h5 class=\"entry-title\"><a href=\"https:\/\/projectes.xtec.cat\/transformacioenxarxa\/laboratori-de-transformacio-educativa-3\/\">Laboratori de Transformaci\u00f3 Educativa<\/a><\/h5>\n<p><img loading=\"lazy\" decoding=\"async\" class=\"alignleft wp-image-1910 size-thumbnail\" src=\"https:\/\/agora.xtec.cat\/escola-norai-montgat\/wp-content\/uploads\/usu1780\/2020\/10\/1fa8c20f-cc82-4bd9-9b21-29f9bead17a4-150x150.jpg\" alt=\"\" width=\"150\" height=\"150\" \/><\/p>\n<p>&nbsp;<\/p>\n<p>&nbsp;<\/p>\n<p>&nbsp;<\/p>\n<p>&nbsp;<\/p>\n<h5><a href=\"https:\/\/projectes.xtec.cat\/transformacioenxarxa\/mapa-transformacioenxarxa\/\">Mapa de la transformaci\u00f3 educativa a Catalunya<\/a><\/h5>\n<p><img loading=\"lazy\" decoding=\"async\" class=\"alignleft wp-image-1911 size-large\" src=\"https:\/\/agora.xtec.cat\/escola-norai-montgat\/wp-content\/uploads\/usu1780\/2020\/10\/ee3f79fb-468e-4c08-b11e-9998d070fe38-410x1024.jpg\" alt=\"\" width=\"410\" height=\"1024\" srcset=\"https:\/\/agora.xtec.cat\/escola-norai-montgat\/wp-content\/uploads\/usu1780\/2020\/10\/ee3f79fb-468e-4c08-b11e-9998d070fe38-410x1024.jpg 410w, https:\/\/agora.xtec.cat\/escola-norai-montgat\/wp-content\/uploads\/usu1780\/2020\/10\/ee3f79fb-468e-4c08-b11e-9998d070fe38-120x300.jpg 120w, https:\/\/agora.xtec.cat\/escola-norai-montgat\/wp-content\/uploads\/usu1780\/2020\/10\/ee3f79fb-468e-4c08-b11e-9998d070fe38.jpg 640w\" sizes=\"auto, (max-width: 410px) 100vw, 410px\" \/><\/p>\n","protected":false},"excerpt":{"rendered":"<p>Avui inciem el nostre cam\u00ed com a centre avan\u00e7at en transformaci\u00f3 educativa.<br \/>\nEns il\u00b7lusiona formar part d&#8217;aquest esperit de transformaci\u00f3 del sistema i entomem el repte amb comprom\u00eds i professionalitat.<br \/>\n&nbsp;<br \/>\n<a href=\"https:\/\/projectes.xtec.cat\/transformacioenxarxa\/laboratori-de-transformacio-educativa-3\/\">Laboratori de Transformaci\u00f3 Educativa<\/a><\/p>\n<p>&nbsp;<br \/>\n&nbsp;<br \/>\n&nbsp;<br \/>\n&nbsp;<br \/>\n<a href=\"https:\/\/projectes.xtec.cat\/transformacioenxarxa\/mapa-transformacioenxarxa\/\">Mapa de la transformaci\u00f3 educativa a Catalunya<\/a><\/p>\n","protected":false},"author":1,"featured_media":1651,"comment_status":"open","ping_status":"closed","sticky":false,"template":"","format":"standard","meta":{"_bbp_topic_count":0,"_bbp_reply_count":0,"_bbp_total_topic_count":0,"_bbp_total_reply_count":0,"_bbp_voice_count":0,"_bbp_anonymous_reply_count":0,"_bbp_topic_count_hidden":0,"_bbp_reply_count_hidden":0,"_bbp_forum_subforum_count":0,"footnotes":""},"categories":[1,4],"tags":[],"class_list":["post-1909","post","type-post","status-publish","format-standard","has-post-thumbnail","hentry","category-general","category-portada"],"post_mailing_queue_ids":[],"_links":{"self":[{"href":"https:\/\/agora.xtec.cat\/escola-norai-montgat\/wp-json\/wp\/v2\/posts\/1909","targetHints":{"allow":["GET"]}}],"collection":[{"href":"https:\/\/agora.xtec.cat\/escola-norai-montgat\/wp-json\/wp\/v2\/posts"}],"about":[{"href":"https:\/\/agora.xtec.cat\/escola-norai-montgat\/wp-json\/wp\/v2\/types\/post"}],"author":[{"embeddable":true,"href":"https:\/\/agora.xtec.cat\/escola-norai-montgat\/wp-json\/wp\/v2\/users\/1"}],"replies":[{"embeddable":true,"href":"https:\/\/agora.xtec.cat\/escola-norai-montgat\/wp-json\/wp\/v2\/comments?post=1909"}],"version-history":[{"count":3,"href":"https:\/\/agora.xtec.cat\/escola-norai-montgat\/wp-json\/wp\/v2\/posts\/1909\/revisions"}],"predecessor-version":[{"id":1914,"href":"https:\/\/agora.xtec.cat\/escola-norai-montgat\/wp-json\/wp\/v2\/posts\/1909\/revisions\/1914"}],"wp:featuredmedia":[{"embeddable":true,"href":"https:\/\/agora.xtec.cat\/escola-norai-montgat\/wp-json\/wp\/v2\/media\/1651"}],"wp:attachment":[{"href":"https:\/\/agora.xtec.cat\/escola-norai-montgat\/wp-json\/wp\/v2\/media?parent=1909"}],"wp:term":[{"taxonomy":"category","embeddable":true,"href":"https:\/\/agora.xtec.cat\/escola-norai-montgat\/wp-json\/wp\/v2\/categories?post=1909"},{"taxonomy":"post_tag","embeddable":true,"href":"https:\/\/agora.xtec.cat\/escola-norai-montgat\/wp-json\/wp\/v2\/tags?post=1909"}],"curies":[{"name":"wp","href":"https:\/\/api.w.org\/{rel}","templated":true}]}}