{"id":1819,"date":"2020-11-13T12:26:16","date_gmt":"2020-11-13T11:26:16","guid":{"rendered":"http:\/\/agora.xtec.cat\/escola-norai-montgat\/?p=1819"},"modified":"2021-03-10T14:36:19","modified_gmt":"2021-03-10T13:36:19","slug":"mesures-covid","status":"publish","type":"post","link":"https:\/\/agora.xtec.cat\/escola-norai-montgat\/general\/mesures-covid\/","title":{"rendered":"mesures covid"},"content":{"rendered":"<h6>Aquest article cont\u00e9 informacions sobre les mesures davant la pand\u00e8mia COVID-19.<br \/>\nAnirem actualitzant la informaci\u00f3, a mida que es modifiquin instruccions o situaci\u00f3 pand\u00e8mica.<\/h6>\n<p><img loading=\"lazy\" decoding=\"async\" class=\"alignleft wp-image-1821 size-medium\" src=\"https:\/\/agora.xtec.cat\/escola-norai-montgat\/wp-content\/uploads\/usu1780\/2020\/09\/imatge-300x300.jpg\" alt=\"\" width=\"300\" height=\"300\" srcset=\"https:\/\/agora.xtec.cat\/escola-norai-montgat\/wp-content\/uploads\/usu1780\/2020\/09\/imatge-300x300.jpg 300w, https:\/\/agora.xtec.cat\/escola-norai-montgat\/wp-content\/uploads\/usu1780\/2020\/09\/imatge-150x150.jpg 150w, https:\/\/agora.xtec.cat\/escola-norai-montgat\/wp-content\/uploads\/usu1780\/2020\/09\/imatge.jpg 576w\" sizes=\"auto, (max-width: 300px) 100vw, 300px\" \/><\/p>\n<p><a href=\"https:\/\/agora.xtec.cat\/escola-norai-montgat\/wp-content\/uploads\/usu1780\/2020\/09\/Protocol-Gestio-casos-rev.pdf\">Protocol Gesti\u00f3 casos<\/a><\/p>\n<p><a href=\"https:\/\/agora.xtec.cat\/escola-norai-montgat\/wp-content\/uploads\/usu1780\/2020\/09\/Aclariments-per-a-la-gesti\u00f3-de-casos-covid-19-als-centres-educatius.pdf\">Aclariments gesti\u00f3 casos covid<\/a><\/p>\n<p><a href=\"https:\/\/www.ccma.cat\/324\/coronavirus\/risc-municipis\/\">\u00cdndex de risc per municipi<\/a><\/p>\n<p><a href=\"https:\/\/canalsalut.gencat.cat\/ca\/salut-a-z\/c\/coronavirus-2019-ncov\/ciutadania\/salut-escola\/\">Canal salut \/Salut escola<\/a><\/p>\n<p><a href=\"https:\/\/agora.xtec.cat\/escola-norai-montgat\/activitats-per-a-infants\/\">Recursos on line per a infants en quarentena<\/a><\/p>\n","protected":false},"excerpt":{"rendered":"<p>Aquest article cont\u00e9 informacions sobre les mesures davant la pand\u00e8mia COVID-19.<br \/>\nAnirem actualitzant la informaci\u00f3, a mida que es modifiquin instruccions o situaci\u00f3 pand\u00e8mica.<\/p>\n<p><a href=\"https:\/\/agora.xtec.cat\/escola-norai-montgat\/wp-content\/uploads\/usu1780\/2020\/09\/Protocol-Gestio-casos-rev.pdf\">Protocol Gesti\u00f3 casos<\/a><br \/>\n<a href=\"https:\/\/agora.xtec.cat\/escola-norai-montgat\/wp-content\/uploads\/usu1780\/2020\/09\/Aclariments-per-a-la-gesti\u00f3-de-casos-covid-19-als-centres-educatius.pdf\">Aclariments gesti\u00f3 casos covid<\/a><br \/>\n<a href=\"https:\/\/www.ccma.cat\/324\/coronavirus\/risc-municipis\/\">\u00cdndex de risc per municipi<\/a><br \/>\n<a href=\"https:\/\/canalsalut.gencat.cat\/ca\/salut-a-z\/c\/coronavirus-2019-ncov\/ciutadania\/salut-escola\/\">Canal salut \/Salut escola<\/a><br \/>\n<a href=\"https:\/\/agora.xtec.cat\/escola-norai-montgat\/activitats-per-a-infants\/\">Recursos on line per a infants&hellip;  <a href=\"https:\/\/agora.xtec.cat\/escola-norai-montgat\/general\/mesures-covid\/\" title=\"Read mesures covid\">Llegeix m\u00e9s\u00bb<\/a><\/p>\n","protected":false},"author":1,"featured_media":1651,"comment_status":"open","ping_status":"closed","sticky":false,"template":"","format":"standard","meta":{"_bbp_topic_count":0,"_bbp_reply_count":0,"_bbp_total_topic_count":0,"_bbp_total_reply_count":0,"_bbp_voice_count":0,"_bbp_anonymous_reply_count":0,"_bbp_topic_count_hidden":0,"_bbp_reply_count_hidden":0,"_bbp_forum_subforum_count":0,"footnotes":""},"categories":[1,4],"tags":[],"class_list":["post-1819","post","type-post","status-publish","format-standard","has-post-thumbnail","hentry","category-general","category-portada"],"post_mailing_queue_ids":[],"_links":{"self":[{"href":"https:\/\/agora.xtec.cat\/escola-norai-montgat\/wp-json\/wp\/v2\/posts\/1819","targetHints":{"allow":["GET"]}}],"collection":[{"href":"https:\/\/agora.xtec.cat\/escola-norai-montgat\/wp-json\/wp\/v2\/posts"}],"about":[{"href":"https:\/\/agora.xtec.cat\/escola-norai-montgat\/wp-json\/wp\/v2\/types\/post"}],"author":[{"embeddable":true,"href":"https:\/\/agora.xtec.cat\/escola-norai-montgat\/wp-json\/wp\/v2\/users\/1"}],"replies":[{"embeddable":true,"href":"https:\/\/agora.xtec.cat\/escola-norai-montgat\/wp-json\/wp\/v2\/comments?post=1819"}],"version-history":[{"count":3,"href":"https:\/\/agora.xtec.cat\/escola-norai-montgat\/wp-json\/wp\/v2\/posts\/1819\/revisions"}],"predecessor-version":[{"id":1884,"href":"https:\/\/agora.xtec.cat\/escola-norai-montgat\/wp-json\/wp\/v2\/posts\/1819\/revisions\/1884"}],"wp:featuredmedia":[{"embeddable":true,"href":"https:\/\/agora.xtec.cat\/escola-norai-montgat\/wp-json\/wp\/v2\/media\/1651"}],"wp:attachment":[{"href":"https:\/\/agora.xtec.cat\/escola-norai-montgat\/wp-json\/wp\/v2\/media?parent=1819"}],"wp:term":[{"taxonomy":"category","embeddable":true,"href":"https:\/\/agora.xtec.cat\/escola-norai-montgat\/wp-json\/wp\/v2\/categories?post=1819"},{"taxonomy":"post_tag","embeddable":true,"href":"https:\/\/agora.xtec.cat\/escola-norai-montgat\/wp-json\/wp\/v2\/tags?post=1819"}],"curies":[{"name":"wp","href":"https:\/\/api.w.org\/{rel}","templated":true}]}}