{"id":1807,"date":"2020-09-04T13:53:10","date_gmt":"2020-09-04T11:53:10","guid":{"rendered":"http:\/\/agora.xtec.cat\/escola-norai-montgat\/?p=1807"},"modified":"2020-09-08T16:04:47","modified_gmt":"2020-09-08T14:04:47","slug":"pla-dorganitzacio-curs-2020-2021","status":"publish","type":"post","link":"https:\/\/agora.xtec.cat\/escola-norai-montgat\/general\/pla-dorganitzacio-curs-2020-2021\/","title":{"rendered":"pla d&#8217;organitzaci\u00f3 curs 2020-2021"},"content":{"rendered":"<p>El Consell Escolar de centre ha aprovat en sessi\u00f3 extraordin\u00e0ria (4 de setembre de 2020) el <a href=\"https:\/\/agora.xtec.cat\/escola-norai-montgat\/wp-content\/uploads\/usu1780\/2020\/09\/Pla-dorganitzaci\u00f3-de-centre-Curs-2020-21-1-1.pdf\">Pla d&#8217;organitzaci\u00f3 de centre <\/a><\/p>\n<h6>Els acords tant organitzatius com de seguretat que cont\u00e9 poden ser modificats, si la situaci\u00f3 ho exigeix.<\/h6>\n<h6>En el moment d&#8217;aprovar el pla, encara es desconeixen els noms d&#8217;algunes persones.<\/h6>\n<h6>Les fam\u00edlies rebreu un dossier de benvinguda el dia 14 amb la informaci\u00f3 del curs.<\/h6>\n<p>M\u00e9s informaci\u00f3:<a href=\"https:\/\/documents.espai.educacio.gencat.cat\/PC\/ComunicacionsCentres\/formacio-covid-materials-responsables.pdf\"> mesures COVID 19 centres educatius<\/a><\/p>\n","protected":false},"excerpt":{"rendered":"<p>El Consell Escolar de centre ha aprovat en sessi\u00f3 extraordin\u00e0ria (4 de setembre de 2020) el <a href=\"https:\/\/agora.xtec.cat\/escola-norai-montgat\/wp-content\/uploads\/usu1780\/2020\/09\/Pla-dorganitzaci\u00f3-de-centre-Curs-2020-21-1-1.pdf\">Pla d&#8217;organitzaci\u00f3 de centre <\/a><br \/>\nEls acords tant organitzatius com de seguretat que cont\u00e9 poden ser modificats, si la situaci\u00f3 ho exigeix.<br \/>\nEn el moment d&#8217;aprovar el pla, encara es&hellip;  <a href=\"https:\/\/agora.xtec.cat\/escola-norai-montgat\/general\/pla-dorganitzacio-curs-2020-2021\/\" title=\"Read pla d&#8217;organitzaci\u00f3 curs 2020-2021\">Llegeix m\u00e9s\u00bb<\/a><\/p>\n","protected":false},"author":1,"featured_media":0,"comment_status":"open","ping_status":"closed","sticky":false,"template":"","format":"standard","meta":{"_bbp_topic_count":0,"_bbp_reply_count":0,"_bbp_total_topic_count":0,"_bbp_total_reply_count":0,"_bbp_voice_count":0,"_bbp_anonymous_reply_count":0,"_bbp_topic_count_hidden":0,"_bbp_reply_count_hidden":0,"_bbp_forum_subforum_count":0,"footnotes":""},"categories":[1,4],"tags":[],"class_list":["post-1807","post","type-post","status-publish","format-standard","hentry","category-general","category-portada"],"post_mailing_queue_ids":[],"_links":{"self":[{"href":"https:\/\/agora.xtec.cat\/escola-norai-montgat\/wp-json\/wp\/v2\/posts\/1807","targetHints":{"allow":["GET"]}}],"collection":[{"href":"https:\/\/agora.xtec.cat\/escola-norai-montgat\/wp-json\/wp\/v2\/posts"}],"about":[{"href":"https:\/\/agora.xtec.cat\/escola-norai-montgat\/wp-json\/wp\/v2\/types\/post"}],"author":[{"embeddable":true,"href":"https:\/\/agora.xtec.cat\/escola-norai-montgat\/wp-json\/wp\/v2\/users\/1"}],"replies":[{"embeddable":true,"href":"https:\/\/agora.xtec.cat\/escola-norai-montgat\/wp-json\/wp\/v2\/comments?post=1807"}],"version-history":[{"count":3,"href":"https:\/\/agora.xtec.cat\/escola-norai-montgat\/wp-json\/wp\/v2\/posts\/1807\/revisions"}],"predecessor-version":[{"id":1813,"href":"https:\/\/agora.xtec.cat\/escola-norai-montgat\/wp-json\/wp\/v2\/posts\/1807\/revisions\/1813"}],"wp:attachment":[{"href":"https:\/\/agora.xtec.cat\/escola-norai-montgat\/wp-json\/wp\/v2\/media?parent=1807"}],"wp:term":[{"taxonomy":"category","embeddable":true,"href":"https:\/\/agora.xtec.cat\/escola-norai-montgat\/wp-json\/wp\/v2\/categories?post=1807"},{"taxonomy":"post_tag","embeddable":true,"href":"https:\/\/agora.xtec.cat\/escola-norai-montgat\/wp-json\/wp\/v2\/tags?post=1807"}],"curies":[{"name":"wp","href":"https:\/\/api.w.org\/{rel}","templated":true}]}}