{"id":1786,"date":"2020-07-28T20:41:37","date_gmt":"2020-07-28T18:41:37","guid":{"rendered":"http:\/\/agora.xtec.cat\/escola-norai-montgat\/?p=1786"},"modified":"2023-07-11T13:03:52","modified_gmt":"2023-07-11T11:03:52","slug":"lescola-norai-seleccionada-com-a-centre-avancat-en-transformacio-educativa","status":"publish","type":"post","link":"https:\/\/agora.xtec.cat\/escola-norai-montgat\/portada\/lescola-norai-seleccionada-com-a-centre-avancat-en-transformacio-educativa\/","title":{"rendered":"l&#8217;escola norai seleccionada com a centre avan\u00e7at en transformaci\u00f3 educativa"},"content":{"rendered":"<p>A partir del curs 2020-2021, com a resposta a la petici\u00f3 que ens ha fet el Departament d&#8217;Educaci\u00f3, formarem part de l&#8217;entorn <a href=\"https:\/\/projectes.xtec.cat\/transformacioenxarxa\/\">Laboratori de Transformaci\u00f3 educativa <\/a>juntament amb altres <a href=\"https:\/\/projectes.xtec.cat\/transformacioenxarxa\/mapa-transformacioenxarxa\/\">centres<\/a> de Catalunya com a motor de transformaci\u00f3 global del sistema educatiu. Ens il\u00b7lusiona aquest nou repte alhora que ens satisf\u00e0 pel reconeixement que representa del nostre projecte educatiu i la nostra manera de fer. L&#8217;equip educatiu comen\u00e7a aquest cam\u00ed ple de motivaci\u00f3:<\/p>\n<p><img loading=\"lazy\" decoding=\"async\" class=\"alignleft wp-image-1788 size-large\" src=\"https:\/\/agora.xtec.cat\/escola-norai-montgat\/wp-content\/uploads\/usu1780\/2020\/07\/laboratori-transformaci\u00f3-410x1024.jpg\" alt=\"\" width=\"410\" height=\"1024\" srcset=\"https:\/\/agora.xtec.cat\/escola-norai-montgat\/wp-content\/uploads\/usu1780\/2020\/07\/laboratori-transformaci\u00f3-410x1024.jpg 410w, https:\/\/agora.xtec.cat\/escola-norai-montgat\/wp-content\/uploads\/usu1780\/2020\/07\/laboratori-transformaci\u00f3-120x300.jpg 120w, https:\/\/agora.xtec.cat\/escola-norai-montgat\/wp-content\/uploads\/usu1780\/2020\/07\/laboratori-transformaci\u00f3-768x1920.jpg 768w, https:\/\/agora.xtec.cat\/escola-norai-montgat\/wp-content\/uploads\/usu1780\/2020\/07\/laboratori-transformaci\u00f3.jpg 800w\" sizes=\"auto, (max-width: 410px) 100vw, 410px\" \/><\/p>\n","protected":false},"excerpt":{"rendered":"<p>A partir del curs 2020-2021, com a resposta a la petici\u00f3 que ens ha fet el Departament d&#8217;Educaci\u00f3, formarem part de l&#8217;entorn <a href=\"https:\/\/projectes.xtec.cat\/transformacioenxarxa\/\">Laboratori de Transformaci\u00f3 educativa <\/a>juntament amb altres <a href=\"https:\/\/projectes.xtec.cat\/transformacioenxarxa\/mapa-transformacioenxarxa\/\">centres<\/a> de Catalunya com a motor de transformaci\u00f3 global del sistema educatiu. Ens il\u00b7lusiona&hellip;  <a href=\"https:\/\/agora.xtec.cat\/escola-norai-montgat\/portada\/lescola-norai-seleccionada-com-a-centre-avancat-en-transformacio-educativa\/\" title=\"Read l&#8217;escola norai seleccionada com a centre avan\u00e7at en transformaci\u00f3 educativa\">Llegeix m\u00e9s\u00bb<\/a><\/p>\n","protected":false},"author":1,"featured_media":1651,"comment_status":"closed","ping_status":"closed","sticky":false,"template":"","format":"standard","meta":{"_bbp_topic_count":0,"_bbp_reply_count":0,"_bbp_total_topic_count":0,"_bbp_total_reply_count":0,"_bbp_voice_count":0,"_bbp_anonymous_reply_count":0,"_bbp_topic_count_hidden":0,"_bbp_reply_count_hidden":0,"_bbp_forum_subforum_count":0,"footnotes":""},"categories":[4],"tags":[],"class_list":["post-1786","post","type-post","status-publish","format-standard","has-post-thumbnail","hentry","category-portada"],"post_mailing_queue_ids":[],"_links":{"self":[{"href":"https:\/\/agora.xtec.cat\/escola-norai-montgat\/wp-json\/wp\/v2\/posts\/1786","targetHints":{"allow":["GET"]}}],"collection":[{"href":"https:\/\/agora.xtec.cat\/escola-norai-montgat\/wp-json\/wp\/v2\/posts"}],"about":[{"href":"https:\/\/agora.xtec.cat\/escola-norai-montgat\/wp-json\/wp\/v2\/types\/post"}],"author":[{"embeddable":true,"href":"https:\/\/agora.xtec.cat\/escola-norai-montgat\/wp-json\/wp\/v2\/users\/1"}],"replies":[{"embeddable":true,"href":"https:\/\/agora.xtec.cat\/escola-norai-montgat\/wp-json\/wp\/v2\/comments?post=1786"}],"version-history":[{"count":1,"href":"https:\/\/agora.xtec.cat\/escola-norai-montgat\/wp-json\/wp\/v2\/posts\/1786\/revisions"}],"predecessor-version":[{"id":1789,"href":"https:\/\/agora.xtec.cat\/escola-norai-montgat\/wp-json\/wp\/v2\/posts\/1786\/revisions\/1789"}],"wp:featuredmedia":[{"embeddable":true,"href":"https:\/\/agora.xtec.cat\/escola-norai-montgat\/wp-json\/wp\/v2\/media\/1651"}],"wp:attachment":[{"href":"https:\/\/agora.xtec.cat\/escola-norai-montgat\/wp-json\/wp\/v2\/media?parent=1786"}],"wp:term":[{"taxonomy":"category","embeddable":true,"href":"https:\/\/agora.xtec.cat\/escola-norai-montgat\/wp-json\/wp\/v2\/categories?post=1786"},{"taxonomy":"post_tag","embeddable":true,"href":"https:\/\/agora.xtec.cat\/escola-norai-montgat\/wp-json\/wp\/v2\/tags?post=1786"}],"curies":[{"name":"wp","href":"https:\/\/api.w.org\/{rel}","templated":true}]}}