{"id":1774,"date":"2020-07-15T18:15:23","date_gmt":"2020-07-15T16:15:23","guid":{"rendered":"http:\/\/agora.xtec.cat\/escola-norai-montgat\/?p=1774"},"modified":"2020-07-28T20:25:51","modified_gmt":"2020-07-28T18:25:51","slug":"calendari-i-horari-curs-2020-2021","status":"publish","type":"post","link":"https:\/\/agora.xtec.cat\/escola-norai-montgat\/general\/calendari-i-horari-curs-2020-2021\/","title":{"rendered":"calendari i horari curs 2020-2021"},"content":{"rendered":"<p>Podeu consultar ja el calendari i l&#8217;horari per al proper curs <a href=\"https:\/\/agora.xtec.cat\/escola-norai-montgat\/pagines-dinici\/lescola\/calendari-del-curs\/\">(enlla\u00e7)<\/a><\/p>\n<h5><span style=\"color: #993300;\">Atenci\u00f3 a les novetats derivades de la situaci\u00f3 de pand\u00e8mia!<\/span><\/h5>\n<p>Us compartim el document encara PROVISIONAL: <a href=\"https:\/\/agora.xtec.cat\/escola-norai-montgat\/wp-content\/uploads\/usu1780\/2020\/07\/Pla-dorganitzaci\u00f3-PROVISIONAL.pdf\">Pla d&#8217;organitzaci\u00f3<\/a>. Es recullen en ell les concrecions organitzatives per al curs 2020-2021 derivades de la situaci\u00f3 de pand\u00e8mia.<\/p>\n","protected":false},"excerpt":{"rendered":"<p>Podeu consultar ja el calendari i l&#8217;horari per al proper curs <a href=\"https:\/\/agora.xtec.cat\/escola-norai-montgat\/pagines-dinici\/lescola\/calendari-del-curs\/\">(enlla\u00e7)<\/a><br \/>\nAtenci\u00f3 a les novetats derivades de la situaci\u00f3 de pand\u00e8mia!<br \/>\nUs compartim el document encara PROVISIONAL: <a href=\"https:\/\/agora.xtec.cat\/escola-norai-montgat\/wp-content\/uploads\/usu1780\/2020\/07\/Pla-dorganitzaci\u00f3-PROVISIONAL.pdf\">Pla d&#8217;organitzaci\u00f3<\/a>. Es recullen en ell les concrecions organitzatives per al curs 2020-2021 derivades de la situaci\u00f3&hellip;  <a href=\"https:\/\/agora.xtec.cat\/escola-norai-montgat\/general\/calendari-i-horari-curs-2020-2021\/\" title=\"Read calendari i horari curs 2020-2021\">Llegeix m\u00e9s\u00bb<\/a><\/p>\n","protected":false},"author":1,"featured_media":0,"comment_status":"open","ping_status":"closed","sticky":false,"template":"","format":"standard","meta":{"_bbp_topic_count":0,"_bbp_reply_count":0,"_bbp_total_topic_count":0,"_bbp_total_reply_count":0,"_bbp_voice_count":0,"_bbp_anonymous_reply_count":0,"_bbp_topic_count_hidden":0,"_bbp_reply_count_hidden":0,"_bbp_forum_subforum_count":0,"footnotes":""},"categories":[1,4],"tags":[],"class_list":["post-1774","post","type-post","status-publish","format-standard","hentry","category-general","category-portada"],"post_mailing_queue_ids":[],"_links":{"self":[{"href":"https:\/\/agora.xtec.cat\/escola-norai-montgat\/wp-json\/wp\/v2\/posts\/1774","targetHints":{"allow":["GET"]}}],"collection":[{"href":"https:\/\/agora.xtec.cat\/escola-norai-montgat\/wp-json\/wp\/v2\/posts"}],"about":[{"href":"https:\/\/agora.xtec.cat\/escola-norai-montgat\/wp-json\/wp\/v2\/types\/post"}],"author":[{"embeddable":true,"href":"https:\/\/agora.xtec.cat\/escola-norai-montgat\/wp-json\/wp\/v2\/users\/1"}],"replies":[{"embeddable":true,"href":"https:\/\/agora.xtec.cat\/escola-norai-montgat\/wp-json\/wp\/v2\/comments?post=1774"}],"version-history":[{"count":3,"href":"https:\/\/agora.xtec.cat\/escola-norai-montgat\/wp-json\/wp\/v2\/posts\/1774\/revisions"}],"predecessor-version":[{"id":1785,"href":"https:\/\/agora.xtec.cat\/escola-norai-montgat\/wp-json\/wp\/v2\/posts\/1774\/revisions\/1785"}],"wp:attachment":[{"href":"https:\/\/agora.xtec.cat\/escola-norai-montgat\/wp-json\/wp\/v2\/media?parent=1774"}],"wp:term":[{"taxonomy":"category","embeddable":true,"href":"https:\/\/agora.xtec.cat\/escola-norai-montgat\/wp-json\/wp\/v2\/categories?post=1774"},{"taxonomy":"post_tag","embeddable":true,"href":"https:\/\/agora.xtec.cat\/escola-norai-montgat\/wp-json\/wp\/v2\/tags?post=1774"}],"curies":[{"name":"wp","href":"https:\/\/api.w.org\/{rel}","templated":true}]}}