{"id":1707,"date":"2020-07-07T09:10:35","date_gmt":"2020-07-07T07:10:35","guid":{"rendered":"http:\/\/agora.xtec.cat\/escola-norai-montgat\/?p=1707"},"modified":"2020-07-17T07:23:44","modified_gmt":"2020-07-17T05:23:44","slug":"calendari-matricula-curs-2020-2021","status":"publish","type":"post","link":"https:\/\/agora.xtec.cat\/escola-norai-montgat\/general\/calendari-matricula-curs-2020-2021\/","title":{"rendered":"calendari matr\u00edcula curs 2020-2021"},"content":{"rendered":"<div class=\"FW_sPregunta FW_sImpacte\">\n<h4 class=\"FW_clear FW_hrBlanc\"><span style=\"font-size: 1.4375em; font-weight: bold;\">Preinscripci\u00f3<\/span><\/h4>\n<div class=\"FW_sArticleFoto\">\n<div class=\"FW_sEditPro\">\n<ul>\n<li>Oferta inicial de places escolars: 8 de maig de 2020<\/li>\n<li>Presentaci\u00f3 de sol\u00b7licituds amb suport inform\u00e0tic:\u00a0<strong>del 13 al 22 de maig de 2020<\/strong><\/li>\n<li>\n<div>Presentaci\u00f3 de sol\u00b7licituds presencialment amb cita pr\u00e8via:\u00a0<strong>del 19 al 22 de maig de 2020<\/strong><\/div>\n<\/li>\n<li>Presentaci\u00f3 de documentaci\u00f3: fins al 25 de maig de 2020<\/li>\n<li><a href=\"https:\/\/agora.xtec.cat\/escola-norai-montgat\/wp-content\/uploads\/usu1780\/2020\/05\/INFORME_BAREM_PROVISIONAL_BAREM.pdf\">Llista de sol\u00b7licituds amb la puntuaci\u00f3 provisional:<\/a> 29 de maig de 2020<\/li>\n<li>Presentaci\u00f3 de reclamacions: del 2 al 5 de juny de 2020<\/li>\n<li><a href=\"https:\/\/agora.xtec.cat\/escola-norai-montgat\/wp-content\/uploads\/usu1780\/2020\/05\/INFORME_BAREM_RESOLTES_BAREM.pdf\">Llista de sol\u00b7licituds amb la puntuaci\u00f3 un cop resoltes les reclamacions:<\/a> 9 de juny de 2020<\/li>\n<li>Sorteig del n\u00famero de desempat: 9 de juny de 2020, a les 11 h:<br \/>\n<h4>33.386<\/h4>\n<\/li>\n<li><a href=\"https:\/\/agora.xtec.cat\/escola-norai-montgat\/wp-content\/uploads\/usu1780\/2020\/05\/INFORME_BAREM_ordenat.pdf\">Llista ordenada definitiva<\/a>: 11 de juny de 2020<\/li>\n<li>Ampliaci\u00f3 de petici\u00f3 de centres per a les sol\u00b7licituds que no han obtingut cap assignaci\u00f3 (assignaci\u00f3 d&#8217;ofici): del del 26 al 29 de juny de 2020<\/li>\n<li><a href=\"https:\/\/agora.xtec.cat\/escola-norai-montgat\/wp-content\/uploads\/usu1780\/2020\/06\/INFORME_OFERTA_OME_INFORME_OFERTA.pdf\">Oferta final de places escolars<\/a>: 6 de juliol de 2020<\/li>\n<li>Llista d&#8217;alumnes admesos i\u00a0llista d&#8217;espera: 7 de juliol\u00a0de 2020<\/li>\n<\/ul>\n<\/div>\n<\/div>\n<h4 class=\"FW_clear FW_hrBlanc\"><span style=\"font-size: 1.4375em; font-weight: bold;\">Matr\u00edcula\u00a0<\/span><\/h4>\n<\/div>\n<div class=\"FW_sPregunta FW_sImpacte\">\n<div class=\"FW_sArticleFoto\">\n<div class=\"FW_sEditPro\">\n<ul>\n<li>Alumnes preinscrits amb pla\u00e7a assignada a segon cicle d&#8217;educaci\u00f3 infantil, educaci\u00f3 prim\u00e0ria i ESO: <strong>del 13 al 17 de juliol de 2020:<\/strong>\n<ul>\n<li><a href=\"https:\/\/agora.xtec.cat\/escola-norai-montgat\/wp-content\/uploads\/usu1780\/2020\/06\/INFORME_ASSIGNADES_INFORME_ASSIGNADES.pdf\">assignats a l&#8217;escola Norai<\/a><\/li>\n<li><a href=\"https:\/\/agora.xtec.cat\/escola-norai-montgat\/wp-content\/uploads\/usu1780\/2020\/06\/INFORME_LLISTA_ESPERA_OME_LLISTA_ESPERA.pdf\">llista d&#8217;espera a l&#8217;escola Norai<\/a><\/li>\n<li><a href=\"https:\/\/agora.xtec.cat\/escola-norai-montgat\/wp-content\/uploads\/usu1780\/2020\/06\/INFORME_PREINSCRITES_OME_INFORME_PREINSCRITES_OME.pdf\">preinscrits a l&#8217;escola Norai<\/a><\/li>\n<\/ul>\n<\/li>\n<li>Envieu un correu a l&#8217;escola per formalitzar la matr\u00edcula. Heu d&#8217;adjuntar:\n<ul style=\"list-style-type: circle;\">\n<li><strong>Document complimentat<\/strong> ( descarregueu el document en format <a href=\"https:\/\/agora.xtec.cat\/escola-norai-montgat\/wp-content\/uploads\/usu1780\/2020\/06\/MATR\u00cdCULA-.pdf\">PDF editable<\/a>)<\/li>\n<li><strong>Carnet de vacunes<\/strong> amb dates i dosis (o certificat m\u00e8dic oficial)<\/li>\n<li><strong>Foto de carnet<\/strong> de l&#8217;infant<\/li>\n<\/ul>\n<\/li>\n<li>Un cop rebuts aquests documents, l&#8217;escola us enviar\u00e0 un correu com a resguard de matr\u00edcula.<\/li>\n<\/ul>\n<p>m\u00e9s informaci\u00f3 a :<a href=\"http:\/\/queestudiar.gencat.cat\/ca\/preinscripcio\/estudis\/obligatoris\/matricula\/\">http:\/\/queestudiar.gencat.cat\/ca\/preinscripcio\/estudis\/obligatoris\/matricula\/<\/a><\/p>\n<\/div>\n<\/div>\n<\/div>\n","protected":false},"excerpt":{"rendered":"<p>Preinscripci\u00f3<\/p>\n<ul>\n<li>Oferta inicial de places escolars: 8 de maig de 2020<\/li>\n<li>Presentaci\u00f3 de sol\u00b7licituds amb suport inform\u00e0tic:\u00a0del 13 al 22 de maig de 2020<\/li>\n<li>\nPresentaci\u00f3 de sol\u00b7licituds presencialment amb cita pr\u00e8via:\u00a0del 19 al 22 de maig de 2020\n<\/li>\n<li>Presentaci\u00f3 de documentaci\u00f3: fins al 25 de maig de 2020<\/li>\n<li><a href=\"https:\/\/agora.xtec.cat\/escola-norai-montgat\/wp-content\/uploads\/usu1780\/2020\/05\/INFORME_BAREM_PROVISIONAL_BAREM.pdf\">Llista&hellip;  <a href=\"https:\/\/agora.xtec.cat\/escola-norai-montgat\/general\/calendari-matricula-curs-2020-2021\/\" title=\"Read calendari matr\u00edcula curs 2020-2021\">Llegeix m\u00e9s\u00bb<\/a><br \/>\n","protected":false},"author":1,"featured_media":0,"comment_status":"open","ping_status":"closed","sticky":false,"template":"","format":"standard","meta":{"_bbp_topic_count":0,"_bbp_reply_count":0,"_bbp_total_topic_count":0,"_bbp_total_reply_count":0,"_bbp_voice_count":0,"_bbp_anonymous_reply_count":0,"_bbp_topic_count_hidden":0,"_bbp_reply_count_hidden":0,"_bbp_forum_subforum_count":0,"footnotes":""},"categories":[1,59,4],"tags":[],"class_list":["post-1707","post","type-post","status-publish","format-standard","hentry","category-general","category-nova-matricula","category-portada"],"post_mailing_queue_ids":[],"_links":{"self":[{"href":"https:\/\/agora.xtec.cat\/escola-norai-montgat\/wp-json\/wp\/v2\/posts\/1707","targetHints":{"allow":["GET"]}}],"collection":[{"href":"https:\/\/agora.xtec.cat\/escola-norai-montgat\/wp-json\/wp\/v2\/posts"}],"about":[{"href":"https:\/\/agora.xtec.cat\/escola-norai-montgat\/wp-json\/wp\/v2\/types\/post"}],"author":[{"embeddable":true,"href":"https:\/\/agora.xtec.cat\/escola-norai-montgat\/wp-json\/wp\/v2\/users\/1"}],"replies":[{"embeddable":true,"href":"https:\/\/agora.xtec.cat\/escola-norai-montgat\/wp-json\/wp\/v2\/comments?post=1707"}],"version-history":[{"count":3,"href":"https:\/\/agora.xtec.cat\/escola-norai-montgat\/wp-json\/wp\/v2\/posts\/1707\/revisions"}],"predecessor-version":[{"id":1783,"href":"https:\/\/agora.xtec.cat\/escola-norai-montgat\/wp-json\/wp\/v2\/posts\/1707\/revisions\/1783"}],"wp:attachment":[{"href":"https:\/\/agora.xtec.cat\/escola-norai-montgat\/wp-json\/wp\/v2\/media?parent=1707"}],"wp:term":[{"taxonomy":"category","embeddable":true,"href":"https:\/\/agora.xtec.cat\/escola-norai-montgat\/wp-json\/wp\/v2\/categories?post=1707"},{"taxonomy":"post_tag","embeddable":true,"href":"https:\/\/agora.xtec.cat\/escola-norai-montgat\/wp-json\/wp\/v2\/tags?post=1707"}],"curies":[{"name":"wp","href":"https:\/\/api.w.org\/{rel}","templated":true}]}}