{"id":1662,"date":"2020-05-07T16:18:14","date_gmt":"2020-05-07T14:18:14","guid":{"rendered":"http:\/\/agora.xtec.cat\/escola-norai-montgat\/?p=1662"},"modified":"2020-06-26T19:36:20","modified_gmt":"2020-06-26T17:36:20","slug":"preinscripcio-curs-2020-2021","status":"publish","type":"post","link":"https:\/\/agora.xtec.cat\/escola-norai-montgat\/general\/preinscripcio-curs-2020-2021\/","title":{"rendered":"preinscripci\u00f3 curs 2020-2021"},"content":{"rendered":"<p><a href=\"https:\/\/agora.xtec.cat\/escola-norai-montgat\/wp-content\/uploads\/usu1780\/2020\/05\/tel\u00e8fon-de-lescola.png\"><img loading=\"lazy\" decoding=\"async\" class=\"wp-image-1682 size-medium aligncenter\" src=\"https:\/\/agora.xtec.cat\/escola-norai-montgat\/wp-content\/uploads\/usu1780\/2020\/05\/tel\u00e8fon-de-lescola-300x300.png\" alt=\"\" width=\"300\" height=\"300\" srcset=\"https:\/\/agora.xtec.cat\/escola-norai-montgat\/wp-content\/uploads\/usu1780\/2020\/05\/tel\u00e8fon-de-lescola-300x300.png 300w, https:\/\/agora.xtec.cat\/escola-norai-montgat\/wp-content\/uploads\/usu1780\/2020\/05\/tel\u00e8fon-de-lescola-150x150.png 150w, https:\/\/agora.xtec.cat\/escola-norai-montgat\/wp-content\/uploads\/usu1780\/2020\/05\/tel\u00e8fon-de-lescola-768x768.png 768w, https:\/\/agora.xtec.cat\/escola-norai-montgat\/wp-content\/uploads\/usu1780\/2020\/05\/tel\u00e8fon-de-lescola.png 800w\" sizes=\"auto, (max-width: 300px) 100vw, 300px\" \/><\/a><\/p>\n<p><span class=\"css-901oao css-16my406 r-1qd0xha r-ad9z0x r-bcqeeo r-qvutc0\">Atenci\u00f3, fam\u00edlies! <\/span><br \/>\n<span class=\"css-901oao css-16my406 r-1qd0xha r-ad9z0x r-bcqeeo r-qvutc0\">La <\/span><span class=\"r-18u37iz\">preinscripci\u00f3<\/span><span class=\"css-901oao css-16my406 r-1qd0xha r-ad9z0x r-bcqeeo r-qvutc0\"> escolar per a l\u2019educaci\u00f3 infantil i prim\u00e0ria ser\u00e0 entre el 13 i el 22 de maig.<\/span><br \/>\nPer tal de reduir la pres\u00e8ncia de les fam\u00edlies en els centres educatius, es promou l\u2019\u00fas de la sol\u00b7licitud en suport inform\u00e0tic, que est\u00e0 disponible a:<\/p>\n<p><a href=\"http:\/\/ensenyament.gencat.cat\/ca\/tramits\/tramits-temes\/20483-obligatoris?category=&amp;moda=1\">http:\/\/ensenyament.gencat.cat\/ca\/tramits\/tramits-temes\/20483-obligatoris?category=&amp;moda=1 <\/a><\/p>\n<p>El codi de la nostra escola \u00e9s <strong>08075724.<\/strong> Haureu d&#8217;enviar el resguard que genera la preinscripci\u00f3 telem\u00e0tica al correu de l&#8217;escola (nom\u00e9s si som l&#8217;escola triada en primer lloc), juntament amb la documentaci\u00f3 escanejada o fotografiada. <strong>Cal que feu les dues coses<\/strong>: sol\u00b7licitud on line i enviament per correu a l&#8217;escola!!!<\/p>\n<p>Consulteu informaci\u00f3 relativa a la documentaci\u00f3 a: <a href=\"http:\/\/queestudiar.gencat.cat\/ca\/preinscripcio\/estudis\/obligatoris\/documentacio\/\">http:\/\/queestudiar.gencat.cat\/ca\/preinscripcio\/estudis\/obligatoris\/documentacio\/<\/a><\/p>\n<p>De manera excepcional, per als casos en qu\u00e8 els sol\u00b7licitants no puguin fer la presentaci\u00f3 telem\u00e0tica, organitzarem la presentaci\u00f3 de sol\u00b7licituds a l&#8217;escola assignant cita pr\u00e8via (nom\u00e9s del 19 al 22 de maig). <strong>Truqueu-nos<\/strong> per demanar hora. Tamb\u00e9 ens podeu enviar un correu <a href=\"mailto:escola-norai-montgat@xtec.cat\">escola-norai-montgat<span class=\"\"><span class=\"\">@xtec.cat<\/span><\/span><\/a> o utilitzar <a href=\"https:\/\/aplicacions.gestioeducativa.gencat.cat\/pls\/apex\/f?p=CITA_PREVIA:4::::4:P4_TIPUS_CALENDARI,P4_DOMINI:01_Oblig,08075724\">cita pr\u00e8via<\/a>.<\/p>\n<p><a href=\"http:\/\/mapaescolar.gencat.cat\/\">Publicaci\u00f3 de l&#8217;oferta<\/a> codi <strong>08075724<\/strong><\/p>\n<p>Anirem actualitzant aquesta informaci\u00f3. Mantingueu-vos alerta a les nostres publicacions i als canals oficials del Departament d&#8217;Educaci\u00f3:<\/p>\n<p><a href=\"http:\/\/queestudiar.gencat.cat\/ca\/preinscripcio\/estudis\/obligatoris\/\">http:\/\/queestudiar.gencat.cat\/ca\/preinscripcio\/estudis\/obligatoris\/<\/a><\/p>\n","protected":false},"excerpt":{"rendered":"<p><a href=\"https:\/\/agora.xtec.cat\/escola-norai-montgat\/wp-content\/uploads\/usu1780\/2020\/05\/tel\u00e8fon-de-lescola.png\"><\/a><br \/>\nAtenci\u00f3, fam\u00edlies!<br \/>\nLa preinscripci\u00f3 escolar per a l\u2019educaci\u00f3 infantil i prim\u00e0ria ser\u00e0 entre el 13 i el 22 de maig.<br \/>\nPer tal de reduir la pres\u00e8ncia de les fam\u00edlies en els centres educatius, es promou l\u2019\u00fas de la sol\u00b7licitud en suport inform\u00e0tic, que est\u00e0 disponible&hellip;  <a href=\"https:\/\/agora.xtec.cat\/escola-norai-montgat\/general\/preinscripcio-curs-2020-2021\/\" title=\"Read preinscripci\u00f3 curs 2020-2021\">Llegeix m\u00e9s\u00bb<\/a><\/p>\n","protected":false},"author":1,"featured_media":1651,"comment_status":"open","ping_status":"closed","sticky":false,"template":"","format":"standard","meta":{"_bbp_topic_count":0,"_bbp_reply_count":0,"_bbp_total_topic_count":0,"_bbp_total_reply_count":0,"_bbp_voice_count":0,"_bbp_anonymous_reply_count":0,"_bbp_topic_count_hidden":0,"_bbp_reply_count_hidden":0,"_bbp_forum_subforum_count":0,"footnotes":""},"categories":[1,4],"tags":[],"class_list":["post-1662","post","type-post","status-publish","format-standard","has-post-thumbnail","hentry","category-general","category-portada"],"post_mailing_queue_ids":[],"_links":{"self":[{"href":"https:\/\/agora.xtec.cat\/escola-norai-montgat\/wp-json\/wp\/v2\/posts\/1662","targetHints":{"allow":["GET"]}}],"collection":[{"href":"https:\/\/agora.xtec.cat\/escola-norai-montgat\/wp-json\/wp\/v2\/posts"}],"about":[{"href":"https:\/\/agora.xtec.cat\/escola-norai-montgat\/wp-json\/wp\/v2\/types\/post"}],"author":[{"embeddable":true,"href":"https:\/\/agora.xtec.cat\/escola-norai-montgat\/wp-json\/wp\/v2\/users\/1"}],"replies":[{"embeddable":true,"href":"https:\/\/agora.xtec.cat\/escola-norai-montgat\/wp-json\/wp\/v2\/comments?post=1662"}],"version-history":[{"count":3,"href":"https:\/\/agora.xtec.cat\/escola-norai-montgat\/wp-json\/wp\/v2\/posts\/1662\/revisions"}],"predecessor-version":[{"id":1756,"href":"https:\/\/agora.xtec.cat\/escola-norai-montgat\/wp-json\/wp\/v2\/posts\/1662\/revisions\/1756"}],"wp:featuredmedia":[{"embeddable":true,"href":"https:\/\/agora.xtec.cat\/escola-norai-montgat\/wp-json\/wp\/v2\/media\/1651"}],"wp:attachment":[{"href":"https:\/\/agora.xtec.cat\/escola-norai-montgat\/wp-json\/wp\/v2\/media?parent=1662"}],"wp:term":[{"taxonomy":"category","embeddable":true,"href":"https:\/\/agora.xtec.cat\/escola-norai-montgat\/wp-json\/wp\/v2\/categories?post=1662"},{"taxonomy":"post_tag","embeddable":true,"href":"https:\/\/agora.xtec.cat\/escola-norai-montgat\/wp-json\/wp\/v2\/tags?post=1662"}],"curies":[{"name":"wp","href":"https:\/\/api.w.org\/{rel}","templated":true}]}}