{"id":1566,"date":"2020-03-18T09:09:50","date_gmt":"2020-03-18T08:09:50","guid":{"rendered":"http:\/\/agora.xtec.cat\/escola-norai-montgat\/?p=1566"},"modified":"2020-06-26T19:37:07","modified_gmt":"2020-06-26T17:37:07","slug":"ajornada-la-preinscripcio","status":"publish","type":"post","link":"https:\/\/agora.xtec.cat\/escola-norai-montgat\/general\/ajornada-la-preinscripcio\/","title":{"rendered":"ajornada la preinscripci\u00f3"},"content":{"rendered":"<p><a href=\"https:\/\/agora.xtec.cat\/escola-norai-montgat\/wp-content\/uploads\/usu1780\/2020\/03\/preinscripci\u00f3.png\"><img loading=\"lazy\" decoding=\"async\" class=\"size-medium wp-image-1567 aligncenter\" src=\"https:\/\/agora.xtec.cat\/escola-norai-montgat\/wp-content\/uploads\/usu1780\/2020\/03\/preinscripci\u00f3-300x225.png\" alt=\"\" width=\"300\" height=\"225\" srcset=\"https:\/\/agora.xtec.cat\/escola-norai-montgat\/wp-content\/uploads\/usu1780\/2020\/03\/preinscripci\u00f3-300x225.png 300w, https:\/\/agora.xtec.cat\/escola-norai-montgat\/wp-content\/uploads\/usu1780\/2020\/03\/preinscripci\u00f3-200x150.png 200w, https:\/\/agora.xtec.cat\/escola-norai-montgat\/wp-content\/uploads\/usu1780\/2020\/03\/preinscripci\u00f3.png 400w\" sizes=\"auto, (max-width: 300px) 100vw, 300px\" \/><\/a><\/p>\n<p><span style=\"font-family: inherit; font-size: 1em;\">El Departament d&#8217;Educaci\u00f3 ajorna tots els tr\u00e0mits relacionats amb el procediment de preinscripci\u00f3 i matriculaci\u00f3 de l&#8217;alumnat de tots els ensenyaments, en totes les etapes.<\/span><\/p>\n<div>\n<div class=\"entradeta\">\n<p>El Departament est\u00e0 treballant per tal que els diferents processos de preinscripci\u00f3 i matriculaci\u00f3 es puguin dur a terme amb totes les garanties. Al mateix temps, es treballa per tal d\u2019adequar els tr\u00e0mits pensant en les circumst\u00e0ncies actuals.<\/p>\n<p>\u200bS\u2019informar\u00e0 sobre el nou calendari d\u2019actuacions tant aviat com sigui possible.\u200b<\/p>\n<\/div>\n<\/div>\n<p>\u200b\u200b<\/p>\n<p>&nbsp;<\/p>\n","protected":false},"excerpt":{"rendered":"<p><a href=\"https:\/\/agora.xtec.cat\/escola-norai-montgat\/wp-content\/uploads\/usu1780\/2020\/03\/preinscripci\u00f3.png\"><\/a><br \/>\nEl Departament d&#8217;Educaci\u00f3 ajorna tots els tr\u00e0mits relacionats amb el procediment de preinscripci\u00f3 i matriculaci\u00f3 de l&#8217;alumnat de tots els ensenyaments, en totes les etapes.<\/p>\n<p>El Departament est\u00e0 treballant per tal que els diferents processos de preinscripci\u00f3 i matriculaci\u00f3 es puguin dur a terme amb&hellip;  <a href=\"https:\/\/agora.xtec.cat\/escola-norai-montgat\/general\/ajornada-la-preinscripcio\/\" title=\"Read ajornada la preinscripci\u00f3\">Llegeix m\u00e9s\u00bb<\/a><\/p>\n","protected":false},"author":1,"featured_media":0,"comment_status":"open","ping_status":"closed","sticky":false,"template":"","format":"standard","meta":{"_bbp_topic_count":0,"_bbp_reply_count":0,"_bbp_total_topic_count":0,"_bbp_total_reply_count":0,"_bbp_voice_count":0,"_bbp_anonymous_reply_count":0,"_bbp_topic_count_hidden":0,"_bbp_reply_count_hidden":0,"_bbp_forum_subforum_count":0,"footnotes":""},"categories":[1,59,4],"tags":[],"class_list":["post-1566","post","type-post","status-publish","format-standard","hentry","category-general","category-nova-matricula","category-portada"],"post_mailing_queue_ids":[],"_links":{"self":[{"href":"https:\/\/agora.xtec.cat\/escola-norai-montgat\/wp-json\/wp\/v2\/posts\/1566","targetHints":{"allow":["GET"]}}],"collection":[{"href":"https:\/\/agora.xtec.cat\/escola-norai-montgat\/wp-json\/wp\/v2\/posts"}],"about":[{"href":"https:\/\/agora.xtec.cat\/escola-norai-montgat\/wp-json\/wp\/v2\/types\/post"}],"author":[{"embeddable":true,"href":"https:\/\/agora.xtec.cat\/escola-norai-montgat\/wp-json\/wp\/v2\/users\/1"}],"replies":[{"embeddable":true,"href":"https:\/\/agora.xtec.cat\/escola-norai-montgat\/wp-json\/wp\/v2\/comments?post=1566"}],"version-history":[{"count":4,"href":"https:\/\/agora.xtec.cat\/escola-norai-montgat\/wp-json\/wp\/v2\/posts\/1566\/revisions"}],"predecessor-version":[{"id":1757,"href":"https:\/\/agora.xtec.cat\/escola-norai-montgat\/wp-json\/wp\/v2\/posts\/1566\/revisions\/1757"}],"wp:attachment":[{"href":"https:\/\/agora.xtec.cat\/escola-norai-montgat\/wp-json\/wp\/v2\/media?parent=1566"}],"wp:term":[{"taxonomy":"category","embeddable":true,"href":"https:\/\/agora.xtec.cat\/escola-norai-montgat\/wp-json\/wp\/v2\/categories?post=1566"},{"taxonomy":"post_tag","embeddable":true,"href":"https:\/\/agora.xtec.cat\/escola-norai-montgat\/wp-json\/wp\/v2\/tags?post=1566"}],"curies":[{"name":"wp","href":"https:\/\/api.w.org\/{rel}","templated":true}]}}