{"id":1549,"date":"2020-03-13T20:52:01","date_gmt":"2020-03-13T19:52:01","guid":{"rendered":"http:\/\/agora.xtec.cat\/escola-norai-montgat\/?p=1549"},"modified":"2020-03-17T20:35:40","modified_gmt":"2020-03-17T19:35:40","slug":"comunicat-servei-de-menjador","status":"publish","type":"post","link":"https:\/\/agora.xtec.cat\/escola-norai-montgat\/general\/comunicat-servei-de-menjador\/","title":{"rendered":"comunicat servei de menjador"},"content":{"rendered":"<p><a href=\"https:\/\/agora.xtec.cat\/escola-norai-montgat\/wp-content\/uploads\/usu1780\/2020\/03\/Inf-Servei-Saned.pdf\">Nova informaci\u00f3 sobre l&#8217;import del servei de menjador<\/a>\u00a0(17.03.2020)<\/p>\n<p><a href=\"https:\/\/agora.xtec.cat\/escola-norai-montgat\/wp-content\/uploads\/usu1780\/2020\/03\/Informacio\u0301-Servei-de-menjador.pdf\" target=\"_blank\" rel=\"noopener noreferrer\">Enlla\u00e7 a la informacio\u0301 de SANED sobre el servei de menjador <\/a>(13. 03.2020)<\/p>\n<p>Informaci\u00f3 sobre les beques de menjador (17.03.2020):<\/p>\n<p><em>\u201cEls Departaments d\u2019Educaci\u00f3 i de Treball, Afers Socials i Fam\u00edlies garanteixen els ajuts de menjador a l\u2019alumnat beneficiari de les beques i a menors usuaris dels serveis d\u2019intervenci\u00f3 socioeducativa amb servei d\u2019\u00e0pat, a trav\u00e9s de l\u2019habilitaci\u00f3 de targetes moneder en un acord assolit amb La Caixa d\u2019Estalvis i Pensions de Barcelona. En total s\u00f3n 140.000 targetes per a infants usuaris del servei de menjador i 20.000 per als menors usuaris dels serveis d\u2019intervenci\u00f3 socioeducativa amb servei d\u2019\u00e0pat.<\/em><\/p>\n<p><em>Les targetes moneder es comen\u00e7aran a distribuir a partir dels propers 2 o 3 dies,\u00a0a trav\u00e9s dels Ajuntaments i dels Consells Comarcals. Es carregar\u00e0 a cada fam\u00edlia l&#8217;import de la prestaci\u00f3 di\u00e0ria pel total de dies que duri el tancament. Els dos departaments estan acabant d\u2019ultimar l\u2019operatiu que pugui fer possible el lliurament a les fam\u00edlies i properament es concretaran les instruccions definitives.<\/em><\/p>\n<p><em>D\u2019aquesta manera, Educaci\u00f3 i Treball, Afers Socials i Fam\u00edlies volen assegurar als infants que m\u00e9s necessitats tenen el fet de poder continuar disposant de l\u2019ajut del menjador, malgrat que les escoles estan tancades.<\/em><\/p>\n<p><em>Aquesta mesura tindr\u00e0 efecte fins que el Govern de la Generalitat suspengui les mesures preventives extraordin\u00e0ries adoptades en el marc de l\u2019activaci\u00f3 del Pla d\u2019Actuaci\u00f3 del PROCICAT per malalties emergents en motiu de l\u2019impacte del COVID-19.\u201d<\/em><\/p>\n","protected":false},"excerpt":{"rendered":"<p><a href=\"https:\/\/agora.xtec.cat\/escola-norai-montgat\/wp-content\/uploads\/usu1780\/2020\/03\/Inf-Servei-Saned.pdf\">Nova informaci\u00f3 sobre l&#8217;import del servei de menjador<\/a>\u00a0(17.03.2020)<br \/>\n<a href=\"https:\/\/agora.xtec.cat\/escola-norai-montgat\/wp-content\/uploads\/usu1780\/2020\/03\/Informacio\u0301-Servei-de-menjador.pdf\" target=\"_blank\" rel=\"noopener noreferrer\">Enlla\u00e7 a la informacio\u0301 de SANED sobre el servei de menjador <\/a>(13. 03.2020)<br \/>\nInformaci\u00f3 sobre les beques de menjador (17.03.2020):<br \/>\n\u201cEls Departaments d\u2019Educaci\u00f3 i de Treball, Afers Socials i Fam\u00edlies garanteixen els ajuts de menjador&hellip;  <a href=\"https:\/\/agora.xtec.cat\/escola-norai-montgat\/general\/comunicat-servei-de-menjador\/\" title=\"Read comunicat servei de menjador\">Llegeix m\u00e9s\u00bb<\/a><\/p>\n","protected":false},"author":1,"featured_media":0,"comment_status":"open","ping_status":"closed","sticky":false,"template":"","format":"standard","meta":{"_bbp_topic_count":0,"_bbp_reply_count":0,"_bbp_total_topic_count":0,"_bbp_total_reply_count":0,"_bbp_voice_count":0,"_bbp_anonymous_reply_count":0,"_bbp_topic_count_hidden":0,"_bbp_reply_count_hidden":0,"_bbp_forum_subforum_count":0,"footnotes":""},"categories":[1,4],"tags":[],"class_list":["post-1549","post","type-post","status-publish","format-standard","hentry","category-general","category-portada"],"post_mailing_queue_ids":[],"_links":{"self":[{"href":"https:\/\/agora.xtec.cat\/escola-norai-montgat\/wp-json\/wp\/v2\/posts\/1549","targetHints":{"allow":["GET"]}}],"collection":[{"href":"https:\/\/agora.xtec.cat\/escola-norai-montgat\/wp-json\/wp\/v2\/posts"}],"about":[{"href":"https:\/\/agora.xtec.cat\/escola-norai-montgat\/wp-json\/wp\/v2\/types\/post"}],"author":[{"embeddable":true,"href":"https:\/\/agora.xtec.cat\/escola-norai-montgat\/wp-json\/wp\/v2\/users\/1"}],"replies":[{"embeddable":true,"href":"https:\/\/agora.xtec.cat\/escola-norai-montgat\/wp-json\/wp\/v2\/comments?post=1549"}],"version-history":[{"count":4,"href":"https:\/\/agora.xtec.cat\/escola-norai-montgat\/wp-json\/wp\/v2\/posts\/1549\/revisions"}],"predecessor-version":[{"id":1565,"href":"https:\/\/agora.xtec.cat\/escola-norai-montgat\/wp-json\/wp\/v2\/posts\/1549\/revisions\/1565"}],"wp:attachment":[{"href":"https:\/\/agora.xtec.cat\/escola-norai-montgat\/wp-json\/wp\/v2\/media?parent=1549"}],"wp:term":[{"taxonomy":"category","embeddable":true,"href":"https:\/\/agora.xtec.cat\/escola-norai-montgat\/wp-json\/wp\/v2\/categories?post=1549"},{"taxonomy":"post_tag","embeddable":true,"href":"https:\/\/agora.xtec.cat\/escola-norai-montgat\/wp-json\/wp\/v2\/tags?post=1549"}],"curies":[{"name":"wp","href":"https:\/\/api.w.org\/{rel}","templated":true}]}}