{"id":1375,"date":"2019-11-07T20:29:43","date_gmt":"2019-11-07T19:29:43","guid":{"rendered":"http:\/\/agora.xtec.cat\/escola-norai-montgat\/?p=1375"},"modified":"2019-11-08T08:23:10","modified_gmt":"2019-11-08T07:23:10","slug":"festa-de-tardor-3","status":"publish","type":"post","link":"https:\/\/agora.xtec.cat\/escola-norai-montgat\/general\/festa-de-tardor-3\/","title":{"rendered":"festa de tardor"},"content":{"rendered":"<p>el passat dijous 31 d&#8217;octubre vam celebrar la tardor a l&#8217;escola<\/p>\n<p>durant el dia vam fer activitats especials: panellets, bombons de tardor i una obra art\u00edstica col\u00b7laborativa<\/p>\n<p>les fam\u00edlies vau poder &#8220;tastar&#8221; l&#8217;obsequi que us van preparar els infants<\/p>\n<p>el dia va acabar rod\u00f3 amb la festa de tota la comunitat i la visita de la castanyera, l&#8217;afa donava aix\u00ed la benvinguda a les fam\u00edlies noves de l&#8217;escola<\/p>\n<p><a href=\"https:\/\/agora.xtec.cat\/escola-norai-montgat\/pagines-dinici\/imatges-protegides\/\"><img loading=\"lazy\" decoding=\"async\" class=\"alignnone wp-image-1376\" src=\"https:\/\/agora.xtec.cat\/escola-norai-montgat\/wp-content\/uploads\/usu1780\/2019\/11\/IMG_20191105_120542-1024x1024.jpg\" alt=\"\" width=\"433\" height=\"433\" srcset=\"https:\/\/agora.xtec.cat\/escola-norai-montgat\/wp-content\/uploads\/usu1780\/2019\/11\/IMG_20191105_120542-1024x1024.jpg 1024w, https:\/\/agora.xtec.cat\/escola-norai-montgat\/wp-content\/uploads\/usu1780\/2019\/11\/IMG_20191105_120542-150x150.jpg 150w, https:\/\/agora.xtec.cat\/escola-norai-montgat\/wp-content\/uploads\/usu1780\/2019\/11\/IMG_20191105_120542-300x300.jpg 300w, https:\/\/agora.xtec.cat\/escola-norai-montgat\/wp-content\/uploads\/usu1780\/2019\/11\/IMG_20191105_120542-768x768.jpg 768w\" sizes=\"auto, (max-width: 433px) 100vw, 433px\" \/><\/a><\/p>\n<p>podeu veure l&#8217;\u00e0lbum de fotos fent clic a la foto.<\/p>\n","protected":false},"excerpt":{"rendered":"<p>el passat dijous 31 d&#8217;octubre vam celebrar la tardor a l&#8217;escola<br \/>\ndurant el dia vam fer activitats especials: panellets, bombons de tardor i una obra art\u00edstica col\u00b7laborativa<br \/>\nles fam\u00edlies vau poder &#8220;tastar&#8221; l&#8217;obsequi que us van preparar els infants<br \/>\nel dia va acabar rod\u00f3 amb la festa de&hellip;  <a href=\"https:\/\/agora.xtec.cat\/escola-norai-montgat\/general\/festa-de-tardor-3\/\" title=\"Read festa de tardor\">Llegeix m\u00e9s\u00bb<\/a><\/p>\n","protected":false},"author":1,"featured_media":0,"comment_status":"open","ping_status":"closed","sticky":false,"template":"","format":"standard","meta":{"_bbp_topic_count":0,"_bbp_reply_count":0,"_bbp_total_topic_count":0,"_bbp_total_reply_count":0,"_bbp_voice_count":0,"_bbp_anonymous_reply_count":0,"_bbp_topic_count_hidden":0,"_bbp_reply_count_hidden":0,"_bbp_forum_subforum_count":0,"footnotes":""},"categories":[1,4],"tags":[],"class_list":["post-1375","post","type-post","status-publish","format-standard","hentry","category-general","category-portada"],"post_mailing_queue_ids":[],"_links":{"self":[{"href":"https:\/\/agora.xtec.cat\/escola-norai-montgat\/wp-json\/wp\/v2\/posts\/1375","targetHints":{"allow":["GET"]}}],"collection":[{"href":"https:\/\/agora.xtec.cat\/escola-norai-montgat\/wp-json\/wp\/v2\/posts"}],"about":[{"href":"https:\/\/agora.xtec.cat\/escola-norai-montgat\/wp-json\/wp\/v2\/types\/post"}],"author":[{"embeddable":true,"href":"https:\/\/agora.xtec.cat\/escola-norai-montgat\/wp-json\/wp\/v2\/users\/1"}],"replies":[{"embeddable":true,"href":"https:\/\/agora.xtec.cat\/escola-norai-montgat\/wp-json\/wp\/v2\/comments?post=1375"}],"version-history":[{"count":3,"href":"https:\/\/agora.xtec.cat\/escola-norai-montgat\/wp-json\/wp\/v2\/posts\/1375\/revisions"}],"predecessor-version":[{"id":1385,"href":"https:\/\/agora.xtec.cat\/escola-norai-montgat\/wp-json\/wp\/v2\/posts\/1375\/revisions\/1385"}],"wp:attachment":[{"href":"https:\/\/agora.xtec.cat\/escola-norai-montgat\/wp-json\/wp\/v2\/media?parent=1375"}],"wp:term":[{"taxonomy":"category","embeddable":true,"href":"https:\/\/agora.xtec.cat\/escola-norai-montgat\/wp-json\/wp\/v2\/categories?post=1375"},{"taxonomy":"post_tag","embeddable":true,"href":"https:\/\/agora.xtec.cat\/escola-norai-montgat\/wp-json\/wp\/v2\/tags?post=1375"}],"curies":[{"name":"wp","href":"https:\/\/api.w.org\/{rel}","templated":true}]}}