{"id":1275,"date":"2019-06-11T09:31:16","date_gmt":"2019-06-11T07:31:16","guid":{"rendered":"http:\/\/agora.xtec.cat\/escola-norai-montgat\/?p=1275"},"modified":"2019-07-02T10:25:40","modified_gmt":"2019-07-02T08:25:40","slug":"horari-matricula-curs-2019-2020","status":"publish","type":"post","link":"https:\/\/agora.xtec.cat\/escola-norai-montgat\/general\/horari-matricula-curs-2019-2020\/","title":{"rendered":"horari matr\u00edcula curs 2019-2020"},"content":{"rendered":"<p>Les fam\u00edlies que hagin estat assignades a l&#8217;Escola Norai (12 de juny publicaci\u00f3 llista d&#8217;admesos) podran formalitzar la matr\u00edcula en aquest horari:<\/p>\n<p>20 de juny (de 9h a 11h i de 15h a 16h)<\/p>\n<p>21 de juny (de 9h a 11h)<\/p>\n<p>25 de juny (de 9h a 11h)<\/p>\n<p>26 de juny (de 9h a 11h)<\/p>\n<p>Recordeu que heu de portar <strong>dues fotografies<\/strong> de carnet de l&#8217;infant.<\/p>\n<h2>Atenci\u00f3: el dia 25 comencen les obres d&#8217;ampliaci\u00f3 a l&#8217;escola. Us preguem que, en la mesura que us sigui possible, vingueu els dies 20 i 21 a formalitzar la matr\u00edcula. Moltes gr\u00e0cies.<\/h2>\n","protected":false},"excerpt":{"rendered":"<p>Les fam\u00edlies que hagin estat assignades a l&#8217;Escola Norai (12 de juny publicaci\u00f3 llista d&#8217;admesos) podran formalitzar la matr\u00edcula en aquest horari:<br \/>\n20 de juny (de 9h a 11h i de 15h a 16h)<br \/>\n21 de juny (de 9h a 11h)<br \/>\n25 de juny (de 9h a 11h)<br \/>\n26&hellip;  <a href=\"https:\/\/agora.xtec.cat\/escola-norai-montgat\/general\/horari-matricula-curs-2019-2020\/\" title=\"Read horari matr\u00edcula curs 2019-2020\">Llegeix m\u00e9s\u00bb<\/a><\/p>\n","protected":false},"author":1,"featured_media":0,"comment_status":"open","ping_status":"closed","sticky":false,"template":"","format":"standard","meta":{"_bbp_topic_count":0,"_bbp_reply_count":0,"_bbp_total_topic_count":0,"_bbp_total_reply_count":0,"_bbp_voice_count":0,"_bbp_anonymous_reply_count":0,"_bbp_topic_count_hidden":0,"_bbp_reply_count_hidden":0,"_bbp_forum_subforum_count":0,"footnotes":""},"categories":[1,4],"tags":[],"class_list":["post-1275","post","type-post","status-publish","format-standard","hentry","category-general","category-portada"],"post_mailing_queue_ids":[],"_links":{"self":[{"href":"https:\/\/agora.xtec.cat\/escola-norai-montgat\/wp-json\/wp\/v2\/posts\/1275","targetHints":{"allow":["GET"]}}],"collection":[{"href":"https:\/\/agora.xtec.cat\/escola-norai-montgat\/wp-json\/wp\/v2\/posts"}],"about":[{"href":"https:\/\/agora.xtec.cat\/escola-norai-montgat\/wp-json\/wp\/v2\/types\/post"}],"author":[{"embeddable":true,"href":"https:\/\/agora.xtec.cat\/escola-norai-montgat\/wp-json\/wp\/v2\/users\/1"}],"replies":[{"embeddable":true,"href":"https:\/\/agora.xtec.cat\/escola-norai-montgat\/wp-json\/wp\/v2\/comments?post=1275"}],"version-history":[{"count":3,"href":"https:\/\/agora.xtec.cat\/escola-norai-montgat\/wp-json\/wp\/v2\/posts\/1275\/revisions"}],"predecessor-version":[{"id":1283,"href":"https:\/\/agora.xtec.cat\/escola-norai-montgat\/wp-json\/wp\/v2\/posts\/1275\/revisions\/1283"}],"wp:attachment":[{"href":"https:\/\/agora.xtec.cat\/escola-norai-montgat\/wp-json\/wp\/v2\/media?parent=1275"}],"wp:term":[{"taxonomy":"category","embeddable":true,"href":"https:\/\/agora.xtec.cat\/escola-norai-montgat\/wp-json\/wp\/v2\/categories?post=1275"},{"taxonomy":"post_tag","embeddable":true,"href":"https:\/\/agora.xtec.cat\/escola-norai-montgat\/wp-json\/wp\/v2\/tags?post=1275"}],"curies":[{"name":"wp","href":"https:\/\/api.w.org\/{rel}","templated":true}]}}