{"id":1255,"date":"2019-06-03T19:45:27","date_gmt":"2019-06-03T17:45:27","guid":{"rendered":"http:\/\/agora.xtec.cat\/escola-norai-montgat\/?p=1255"},"modified":"2019-06-19T15:00:39","modified_gmt":"2019-06-19T13:00:39","slug":"diada-norai-2018-19","status":"publish","type":"post","link":"https:\/\/agora.xtec.cat\/escola-norai-montgat\/general\/diada-norai-2018-19\/","title":{"rendered":"diada norai 2018-19"},"content":{"rendered":"<table>\n<tbody>\n<tr>\n<td><a href=\"https:\/\/agora.xtec.cat\/escola-norai-montgat\/wp-content\/uploads\/usu1780\/2019\/04\/petit-negre-ombra.png\"><img loading=\"lazy\" decoding=\"async\" class=\"alignright wp-image-1196 size-medium\" src=\"https:\/\/agora.xtec.cat\/escola-norai-montgat\/wp-content\/uploads\/usu1780\/2019\/04\/petit-negre-ombra-300x263.png\" alt=\"\" width=\"300\" height=\"263\" srcset=\"https:\/\/agora.xtec.cat\/escola-norai-montgat\/wp-content\/uploads\/usu1780\/2019\/04\/petit-negre-ombra-300x263.png 300w, https:\/\/agora.xtec.cat\/escola-norai-montgat\/wp-content\/uploads\/usu1780\/2019\/04\/petit-negre-ombra.png 589w\" sizes=\"auto, (max-width: 300px) 100vw, 300px\" \/><\/a><\/td>\n<td>La <strong>diada norai<\/strong>\u00a0\u00e9s la festa major de la nostra comunitat. \u00c9s una festa especial\u00a0 que vol divulgar i fer present un valor, principi o fonament del nostre projecte educatiu. Busca la participaci\u00f3 de tota la comunitat educativa.<\/td>\n<\/tr>\n<\/tbody>\n<\/table>\n<p>El divendres 31 de maig v\u00e0rem celebrar a l&#8217;escola la primera Diada Norai.<\/p>\n<p>Aquest any estava dedicada a la calma, la tranquil\u00b7litat i l&#8217;harmonia i v\u00e0rem fer un munt de coses relacionades amb el tema.Tres tallers al mat\u00ed: de relaxaci\u00f3, de land-art i de mini-m\u00f3ns. Vam dinar a l&#8217;exterior, gaudint de l&#8217;ombra del nou tendal i, a la tarda, vam poder assistir a un concert de guitarra a la muntanyeta.<\/p>\n<p>Quan van arribar les fam\u00edlies vam continuar amb activitats per a tota la comunitat: bombolles de sab\u00f3 i batukada.<\/p>\n<p>Totes les fam\u00edlies, mestres i personal de l&#8217;escola vam contribuir a un berenar-sopar que ens va permetre tastar plats diferents i de diferents pa\u00efsos, compartir, xerrar i con\u00e8ixer-nos una mica millor.<\/p>\n<p>Va ser un dia diferent i molt especial.<\/p>\n<p>Volem agrair a la Ruth el seu taller de relaxaci\u00f3 i a la Blanca, el concert de guitarra. Tamb\u00e9 volem felicitar tota la comunitat per la seva participaci\u00f3 i col\u00b7laboraci\u00f3 i, en especial, l&#8217;AFA ,que va organitzar una tarda familiar molt agradable on compartir m\u00fasica, \u00e0pats i conversa tranquil\u00b7la.<\/p>\n<p style=\"text-align: center;\">Cliqueu la imatge per veure l&#8217;\u00e0lbum de fotos.<\/p>\n<p><a href=\"https:\/\/photos.app.goo.gl\/udomJJTm6fukfYrK8\"><img loading=\"lazy\" decoding=\"async\" class=\"wp-image-1256 aligncenter\" src=\"https:\/\/agora.xtec.cat\/escola-norai-montgat\/wp-content\/uploads\/usu1780\/2019\/06\/20190531_103037-1024x496.jpg\" alt=\"\" width=\"795\" height=\"385\" srcset=\"https:\/\/agora.xtec.cat\/escola-norai-montgat\/wp-content\/uploads\/usu1780\/2019\/06\/20190531_103037-1024x496.jpg 1024w, https:\/\/agora.xtec.cat\/escola-norai-montgat\/wp-content\/uploads\/usu1780\/2019\/06\/20190531_103037-300x145.jpg 300w, https:\/\/agora.xtec.cat\/escola-norai-montgat\/wp-content\/uploads\/usu1780\/2019\/06\/20190531_103037-768x372.jpg 768w, https:\/\/agora.xtec.cat\/escola-norai-montgat\/wp-content\/uploads\/usu1780\/2019\/06\/20190531_103037.jpg 2012w\" sizes=\"auto, (max-width: 795px) 100vw, 795px\" \/><\/a><\/p>\n","protected":false},"excerpt":{"rendered":"<p><a href=\"https:\/\/agora.xtec.cat\/escola-norai-montgat\/wp-content\/uploads\/usu1780\/2019\/04\/petit-negre-ombra.png\"><\/a><br \/>\nLa diada norai\u00a0\u00e9s la festa major de la nostra comunitat. \u00c9s una festa especial\u00a0 que vol divulgar i fer present un valor, principi o fonament del nostre projecte educatiu. Busca la participaci\u00f3 de tota la comunitat educativa.<\/p>\n<p>El divendres 31 de maig v\u00e0rem celebrar a&hellip;  <a href=\"https:\/\/agora.xtec.cat\/escola-norai-montgat\/general\/diada-norai-2018-19\/\" title=\"Read diada norai 2018-19\">Llegeix m\u00e9s\u00bb<\/a><\/p>\n","protected":false},"author":1,"featured_media":0,"comment_status":"open","ping_status":"closed","sticky":false,"template":"","format":"standard","meta":{"_bbp_topic_count":0,"_bbp_reply_count":0,"_bbp_total_topic_count":0,"_bbp_total_reply_count":0,"_bbp_voice_count":0,"_bbp_anonymous_reply_count":0,"_bbp_topic_count_hidden":0,"_bbp_reply_count_hidden":0,"_bbp_forum_subforum_count":0,"footnotes":""},"categories":[1,4],"tags":[],"class_list":["post-1255","post","type-post","status-publish","format-standard","hentry","category-general","category-portada"],"post_mailing_queue_ids":[],"_links":{"self":[{"href":"https:\/\/agora.xtec.cat\/escola-norai-montgat\/wp-json\/wp\/v2\/posts\/1255","targetHints":{"allow":["GET"]}}],"collection":[{"href":"https:\/\/agora.xtec.cat\/escola-norai-montgat\/wp-json\/wp\/v2\/posts"}],"about":[{"href":"https:\/\/agora.xtec.cat\/escola-norai-montgat\/wp-json\/wp\/v2\/types\/post"}],"author":[{"embeddable":true,"href":"https:\/\/agora.xtec.cat\/escola-norai-montgat\/wp-json\/wp\/v2\/users\/1"}],"replies":[{"embeddable":true,"href":"https:\/\/agora.xtec.cat\/escola-norai-montgat\/wp-json\/wp\/v2\/comments?post=1255"}],"version-history":[{"count":3,"href":"https:\/\/agora.xtec.cat\/escola-norai-montgat\/wp-json\/wp\/v2\/posts\/1255\/revisions"}],"predecessor-version":[{"id":1264,"href":"https:\/\/agora.xtec.cat\/escola-norai-montgat\/wp-json\/wp\/v2\/posts\/1255\/revisions\/1264"}],"wp:attachment":[{"href":"https:\/\/agora.xtec.cat\/escola-norai-montgat\/wp-json\/wp\/v2\/media?parent=1255"}],"wp:term":[{"taxonomy":"category","embeddable":true,"href":"https:\/\/agora.xtec.cat\/escola-norai-montgat\/wp-json\/wp\/v2\/categories?post=1255"},{"taxonomy":"post_tag","embeddable":true,"href":"https:\/\/agora.xtec.cat\/escola-norai-montgat\/wp-json\/wp\/v2\/tags?post=1255"}],"curies":[{"name":"wp","href":"https:\/\/api.w.org\/{rel}","templated":true}]}}