{"id":1201,"date":"2019-04-29T23:58:14","date_gmt":"2019-04-29T21:58:14","guid":{"rendered":"http:\/\/agora.xtec.cat\/escola-norai-montgat\/?p=1201"},"modified":"2019-05-01T22:23:08","modified_gmt":"2019-05-01T20:23:08","slug":"per-la-millora-educativa","status":"publish","type":"post","link":"https:\/\/agora.xtec.cat\/escola-norai-montgat\/general\/per-la-millora-educativa\/","title":{"rendered":"per la millora educativa"},"content":{"rendered":"<p><a href=\"https:\/\/agora.xtec.cat\/escola-norai-montgat\/wp-content\/uploads\/usu1780\/2019\/04\/logo-ice.jpg\"><img loading=\"lazy\" decoding=\"async\" class=\"alignnone wp-image-1202 size-thumbnail\" src=\"https:\/\/agora.xtec.cat\/escola-norai-montgat\/wp-content\/uploads\/usu1780\/2019\/04\/logo-ice-150x150.jpg\" alt=\"\" width=\"150\" height=\"150\" srcset=\"https:\/\/agora.xtec.cat\/escola-norai-montgat\/wp-content\/uploads\/usu1780\/2019\/04\/logo-ice-150x150.jpg 150w, https:\/\/agora.xtec.cat\/escola-norai-montgat\/wp-content\/uploads\/usu1780\/2019\/04\/logo-ice.jpg 225w\" sizes=\"auto, (max-width: 150px) 100vw, 150px\" \/><\/a><\/p>\n<p>L\u2019Escola Norai entra a formar part del programa de Suport per a la transformaci\u00f3 i les millores educatives de l\u2019ICE de la Universitat Aut\u00f2noma de Barcelona<\/p>\n<p>L\u2019Institut de Ci\u00e8ncies de l\u2019Educaci\u00f3 de la Universitat Aut\u00f2noma de Barcelona, dins del seu programa d\u2019acompanyament als centres educatius, va realitzar el passat mes de gener una diagnosi de la nostra escola. Aquesta primera fase es va concretar en:<\/p>\n<blockquote><p>. estudi del projecte educatiu de l\u2019escola<\/p>\n<p>. reflexi\u00f3 i treball amb l\u2019equip directiu<\/p>\n<p>. observaci\u00f3 a l\u2019aula de la pr\u00e0ctica educativa i la metodologia<\/p>\n<p>. an\u00e0lisi de documentaci\u00f3 i material did\u00e0ctic<\/p><\/blockquote>\n<p>L\u2019equip docent de l\u2019ICE ha fet arribar al centre el primer document de treball que recull, entre altres elements, aquests punts forts a la nostra escola:<\/p>\n<blockquote><p>. projecte de centre clar i definit<\/p>\n<p>. les activitats persegueixen la construcci\u00f3 de coneixement allunyant-se de la transmissi\u00f3 de coneixement ja elaborat<\/p>\n<p>. es promouen experi\u00e8ncies d\u2019aprenentatge diverses<\/p>\n<p>. es formulen de forma concreta aspectes de progr\u00e9s<\/p>\n<p>. es distribueixen els infants de forma flexible<\/p>\n<p>. s\u2019inicia la jornada amb una conversa<\/p>\n<p>. el claustre est\u00e0 concebut com a comunitat reflexiva<\/p>\n<p>. les activitats persegueixen la creaci\u00f3 d\u2019un vincle intens i positiu amb les fam\u00edlies<\/p>\n<p>. la proposta es fonamenta en principis b\u00e0sics d\u2019aprenentatge<\/p><\/blockquote>\n<p>Tamb\u00e9 inclou algunes propostes:<\/p>\n<blockquote><p>. cal estudiar la possibilitat de portar a terme petits reptes o projectes en lloc d\u2019un \u00fanic treball en xarxa<\/p>\n<p>. millorar la qualitat del corpus de textos literaris existent<\/p>\n<p>. iniciar la planificaci\u00f3 de prim\u00e0ria per no perdre l\u2019actual ess\u00e8ncia<\/p>\n<p>. vetllar perqu\u00e8 els canvis educatius no responguin nom\u00e9s a nomenclatura durant el creixement de l\u2019escola<\/p><\/blockquote>\n<p>I finalment, ens ofereixen el seu suport en els seg\u00fcents termes:<\/p>\n<blockquote><p>. ser un referent al llarg del proc\u00e9s de creixement de l\u2019escola<\/p>\n<p>. proporcionar-nos ajuda per a la millora de la lectura liter\u00e0ria<\/p>\n<p>. ajudar-nos en la planificaci\u00f3 a prim\u00e0ria<\/p>\n<p>. acompanyar-nos en la selecci\u00f3 d\u2019especialistes de suport al claustre<\/p><\/blockquote>\n<p>Compartim amb satisfacci\u00f3 tant el resultat de la diagnosi com la il\u00b7lusi\u00f3 d\u2019iniciar aquesta etapa de creixement professional i formaci\u00f3 de qualitat.<\/p>\n","protected":false},"excerpt":{"rendered":"<p><a href=\"https:\/\/agora.xtec.cat\/escola-norai-montgat\/wp-content\/uploads\/usu1780\/2019\/04\/logo-ice.jpg\"><\/a><br \/>\nL\u2019Escola Norai entra a formar part del programa de Suport per a la transformaci\u00f3 i les millores educatives de l\u2019ICE de la Universitat Aut\u00f2noma de Barcelona<br \/>\nL\u2019Institut de Ci\u00e8ncies de l\u2019Educaci\u00f3 de la Universitat Aut\u00f2noma de Barcelona, dins del seu programa d\u2019acompanyament als centres educatius,&hellip;  <a href=\"https:\/\/agora.xtec.cat\/escola-norai-montgat\/general\/per-la-millora-educativa\/\" title=\"Read per la millora educativa\">Llegeix m\u00e9s\u00bb<\/a><\/p>\n","protected":false},"author":3,"featured_media":0,"comment_status":"open","ping_status":"closed","sticky":false,"template":"","format":"standard","meta":{"_bbp_topic_count":0,"_bbp_reply_count":0,"_bbp_total_topic_count":0,"_bbp_total_reply_count":0,"_bbp_voice_count":0,"_bbp_anonymous_reply_count":0,"_bbp_topic_count_hidden":0,"_bbp_reply_count_hidden":0,"_bbp_forum_subforum_count":0,"footnotes":""},"categories":[1,4],"tags":[],"class_list":["post-1201","post","type-post","status-publish","format-standard","hentry","category-general","category-portada"],"post_mailing_queue_ids":[],"_links":{"self":[{"href":"https:\/\/agora.xtec.cat\/escola-norai-montgat\/wp-json\/wp\/v2\/posts\/1201","targetHints":{"allow":["GET"]}}],"collection":[{"href":"https:\/\/agora.xtec.cat\/escola-norai-montgat\/wp-json\/wp\/v2\/posts"}],"about":[{"href":"https:\/\/agora.xtec.cat\/escola-norai-montgat\/wp-json\/wp\/v2\/types\/post"}],"author":[{"embeddable":true,"href":"https:\/\/agora.xtec.cat\/escola-norai-montgat\/wp-json\/wp\/v2\/users\/3"}],"replies":[{"embeddable":true,"href":"https:\/\/agora.xtec.cat\/escola-norai-montgat\/wp-json\/wp\/v2\/comments?post=1201"}],"version-history":[{"count":4,"href":"https:\/\/agora.xtec.cat\/escola-norai-montgat\/wp-json\/wp\/v2\/posts\/1201\/revisions"}],"predecessor-version":[{"id":1211,"href":"https:\/\/agora.xtec.cat\/escola-norai-montgat\/wp-json\/wp\/v2\/posts\/1201\/revisions\/1211"}],"wp:attachment":[{"href":"https:\/\/agora.xtec.cat\/escola-norai-montgat\/wp-json\/wp\/v2\/media?parent=1201"}],"wp:term":[{"taxonomy":"category","embeddable":true,"href":"https:\/\/agora.xtec.cat\/escola-norai-montgat\/wp-json\/wp\/v2\/categories?post=1201"},{"taxonomy":"post_tag","embeddable":true,"href":"https:\/\/agora.xtec.cat\/escola-norai-montgat\/wp-json\/wp\/v2\/tags?post=1201"}],"curies":[{"name":"wp","href":"https:\/\/api.w.org\/{rel}","templated":true}]}}