{"id":1129,"date":"2019-03-23T19:00:49","date_gmt":"2019-03-23T18:00:49","guid":{"rendered":"http:\/\/agora.xtec.cat\/escola-norai-montgat\/?p=1129"},"modified":"2019-04-19T22:38:40","modified_gmt":"2019-04-19T20:38:40","slug":"matricula-curs-2019-2020-2","status":"publish","type":"post","link":"https:\/\/agora.xtec.cat\/escola-norai-montgat\/general\/matricula-curs-2019-2020-2\/","title":{"rendered":"matr\u00edcula curs 2019-2020"},"content":{"rendered":"<h3><strong>per\u00edode de preinscripci\u00f3:<\/strong><br \/>\n<strong>del 29 de mar\u00e7 al 9 d\u2019abril<\/strong><\/h3>\n<h6>dilluns (de 9h a 11h i de 15h a 16h)<\/h6>\n<h6>dimecres (de 9h a 11h i de 15h a 16h)<\/h6>\n<h6>divendres (de 9h a 11h i de 15h a 16h)<\/h6>\n<h6><\/h6>\n<h6>m\u00e9s informaci\u00f3 sobre el proc\u00e9s:<\/h6>\n<h6><a href=\"http:\/\/queestudiar.gencat.cat\/ca\/preinscripcio\/estudis\/obligatoris\/\">http:\/\/queestudiar.gencat.cat\/ca\/preinscripcio\/estudis\/obligatoris\/<\/a><\/h6>\n<h6><\/h6>\n","protected":false},"excerpt":{"rendered":"<p>per\u00edode de preinscripci\u00f3:<br \/>\ndel 29 de mar\u00e7 al 9 d\u2019abril<br \/>\ndilluns (de 9h a 11h i de 15h a 16h)<br \/>\ndimecres (de 9h a 11h i de 15h a 16h)<br \/>\ndivendres (de 9h a 11h i de 15h a 16h)<\/p>\n<p>m\u00e9s informaci\u00f3 sobre el proc\u00e9s:<br \/>\n<a href=\"http:\/\/queestudiar.gencat.cat\/ca\/preinscripcio\/estudis\/obligatoris\/\">http:\/\/queestudiar.gencat.cat\/ca\/preinscripcio\/estudis\/obligatoris\/<\/a><\/p>\n","protected":false},"author":1,"featured_media":0,"comment_status":"open","ping_status":"closed","sticky":false,"template":"","format":"standard","meta":{"_bbp_topic_count":0,"_bbp_reply_count":0,"_bbp_total_topic_count":0,"_bbp_total_reply_count":0,"_bbp_voice_count":0,"_bbp_anonymous_reply_count":0,"_bbp_topic_count_hidden":0,"_bbp_reply_count_hidden":0,"_bbp_forum_subforum_count":0,"footnotes":""},"categories":[1,59,4],"tags":[],"class_list":["post-1129","post","type-post","status-publish","format-standard","hentry","category-general","category-nova-matricula","category-portada"],"post_mailing_queue_ids":[],"_links":{"self":[{"href":"https:\/\/agora.xtec.cat\/escola-norai-montgat\/wp-json\/wp\/v2\/posts\/1129","targetHints":{"allow":["GET"]}}],"collection":[{"href":"https:\/\/agora.xtec.cat\/escola-norai-montgat\/wp-json\/wp\/v2\/posts"}],"about":[{"href":"https:\/\/agora.xtec.cat\/escola-norai-montgat\/wp-json\/wp\/v2\/types\/post"}],"author":[{"embeddable":true,"href":"https:\/\/agora.xtec.cat\/escola-norai-montgat\/wp-json\/wp\/v2\/users\/1"}],"replies":[{"embeddable":true,"href":"https:\/\/agora.xtec.cat\/escola-norai-montgat\/wp-json\/wp\/v2\/comments?post=1129"}],"version-history":[{"count":3,"href":"https:\/\/agora.xtec.cat\/escola-norai-montgat\/wp-json\/wp\/v2\/posts\/1129\/revisions"}],"predecessor-version":[{"id":1138,"href":"https:\/\/agora.xtec.cat\/escola-norai-montgat\/wp-json\/wp\/v2\/posts\/1129\/revisions\/1138"}],"wp:attachment":[{"href":"https:\/\/agora.xtec.cat\/escola-norai-montgat\/wp-json\/wp\/v2\/media?parent=1129"}],"wp:term":[{"taxonomy":"category","embeddable":true,"href":"https:\/\/agora.xtec.cat\/escola-norai-montgat\/wp-json\/wp\/v2\/categories?post=1129"},{"taxonomy":"post_tag","embeddable":true,"href":"https:\/\/agora.xtec.cat\/escola-norai-montgat\/wp-json\/wp\/v2\/tags?post=1129"}],"curies":[{"name":"wp","href":"https:\/\/api.w.org\/{rel}","templated":true}]}}