{"id":1000,"date":"2018-11-25T22:48:48","date_gmt":"2018-11-25T21:48:48","guid":{"rendered":"http:\/\/agora.xtec.cat\/escola-norai-montgat\/?p=1000"},"modified":"2018-11-25T22:48:48","modified_gmt":"2018-11-25T21:48:48","slug":"jornada-participativa-la-muntanyeta","status":"publish","type":"post","link":"https:\/\/agora.xtec.cat\/escola-norai-montgat\/general\/jornada-participativa-la-muntanyeta\/","title":{"rendered":"jornada participativa: la muntanyeta"},"content":{"rendered":"<p>la comissi\u00f3 mixta d&#8217;espais i materials ha organitzat una jornada de treball cooperatiu: mestres i fam\u00edlies treballem per donar als nostres infants un entorn de qualitat<\/p>\n<p>\u00e9s la materialitzaci\u00f3 del nostre projecte <strong>l&#8217;exterior: construcci\u00f3 d&#8217;espais educatius\u00a0<\/strong><\/p>\n<p><a href=\"https:\/\/agora.xtec.cat\/escola-norai-montgat\/wp-content\/uploads\/usu1780\/2018\/11\/20181125_104842-min.jpg\"><img loading=\"lazy\" decoding=\"async\" class=\"alignleft wp-image-1005 size-thumbnail\" src=\"https:\/\/agora.xtec.cat\/escola-norai-montgat\/wp-content\/uploads\/usu1780\/2018\/11\/20181125_104842-min-150x150.jpg\" alt=\"\" width=\"150\" height=\"150\" \/><\/a> <a href=\"https:\/\/agora.xtec.cat\/escola-norai-montgat\/wp-content\/uploads\/usu1780\/2018\/11\/20181125_104848-min.jpg\"><img loading=\"lazy\" decoding=\"async\" class=\"alignleft wp-image-1004 size-thumbnail\" src=\"https:\/\/agora.xtec.cat\/escola-norai-montgat\/wp-content\/uploads\/usu1780\/2018\/11\/20181125_104848-min-150x150.jpg\" alt=\"\" width=\"150\" height=\"150\" \/><\/a> <a href=\"https:\/\/agora.xtec.cat\/escola-norai-montgat\/wp-content\/uploads\/usu1780\/2018\/11\/20181125_104921-min.jpg\"><img loading=\"lazy\" decoding=\"async\" class=\"alignleft wp-image-1003 size-thumbnail\" src=\"https:\/\/agora.xtec.cat\/escola-norai-montgat\/wp-content\/uploads\/usu1780\/2018\/11\/20181125_104921-min-150x150.jpg\" alt=\"\" width=\"150\" height=\"150\" \/><\/a><\/p>\n<p>&nbsp;<\/p>\n<p>&nbsp;<\/p>\n<p>&nbsp;<\/p>\n<p>&nbsp;<\/p>\n<p>moltes gr\u00e0cies a tots els que heu ofert el vostre temps i el vostre esfor\u00e7, un gran equip cooperatiu, comprom\u00e8s i gener\u00f3s que fa millor la nostra escola!<\/p>\n<p><a href=\"https:\/\/agora.xtec.cat\/escola-norai-montgat\/wp-content\/uploads\/usu1780\/2018\/11\/20181125_110132-min.jpg\"><img loading=\"lazy\" decoding=\"async\" class=\"alignleft size-full wp-image-1002\" src=\"https:\/\/agora.xtec.cat\/escola-norai-montgat\/wp-content\/uploads\/usu1780\/2018\/11\/20181125_110132-min.jpg\" alt=\"\" width=\"4032\" height=\"2268\" srcset=\"https:\/\/agora.xtec.cat\/escola-norai-montgat\/wp-content\/uploads\/usu1780\/2018\/11\/20181125_110132-min.jpg 4032w, https:\/\/agora.xtec.cat\/escola-norai-montgat\/wp-content\/uploads\/usu1780\/2018\/11\/20181125_110132-min-300x169.jpg 300w, https:\/\/agora.xtec.cat\/escola-norai-montgat\/wp-content\/uploads\/usu1780\/2018\/11\/20181125_110132-min-768x432.jpg 768w, https:\/\/agora.xtec.cat\/escola-norai-montgat\/wp-content\/uploads\/usu1780\/2018\/11\/20181125_110132-min-1024x576.jpg 1024w\" sizes=\"auto, (max-width: 4032px) 100vw, 4032px\" \/><\/a><\/p>\n<p>&nbsp;<\/p>\n","protected":false},"excerpt":{"rendered":"<p>la comissi\u00f3 mixta d&#8217;espais i materials ha organitzat una jornada de treball cooperatiu: mestres i fam\u00edlies treballem per donar als nostres infants un entorn de qualitat<br \/>\n\u00e9s la materialitzaci\u00f3 del nostre projecte l&#8217;exterior: construcci\u00f3 d&#8217;espais educatius\u00a0<br \/>\n<a href=\"https:\/\/agora.xtec.cat\/escola-norai-montgat\/wp-content\/uploads\/usu1780\/2018\/11\/20181125_104842-min.jpg\"><\/a> <a href=\"https:\/\/agora.xtec.cat\/escola-norai-montgat\/wp-content\/uploads\/usu1780\/2018\/11\/20181125_104848-min.jpg\"><\/a> <a href=\"https:\/\/agora.xtec.cat\/escola-norai-montgat\/wp-content\/uploads\/usu1780\/2018\/11\/20181125_104921-min.jpg\"><\/a><br \/>\n&nbsp;<br \/>\n&nbsp;<br \/>\n&nbsp;<br \/>\n&nbsp;<br \/>\nmoltes gr\u00e0cies a tots els que&hellip;  <a href=\"https:\/\/agora.xtec.cat\/escola-norai-montgat\/general\/jornada-participativa-la-muntanyeta\/\" title=\"Read jornada participativa: la muntanyeta\">Llegeix m\u00e9s\u00bb<\/a><\/p>\n","protected":false},"author":1,"featured_media":0,"comment_status":"open","ping_status":"closed","sticky":false,"template":"","format":"standard","meta":{"_bbp_topic_count":0,"_bbp_reply_count":0,"_bbp_total_topic_count":0,"_bbp_total_reply_count":0,"_bbp_voice_count":0,"_bbp_anonymous_reply_count":0,"_bbp_topic_count_hidden":0,"_bbp_reply_count_hidden":0,"_bbp_forum_subforum_count":0,"footnotes":""},"categories":[1,4],"tags":[],"class_list":["post-1000","post","type-post","status-publish","format-standard","hentry","category-general","category-portada"],"post_mailing_queue_ids":[],"_links":{"self":[{"href":"https:\/\/agora.xtec.cat\/escola-norai-montgat\/wp-json\/wp\/v2\/posts\/1000","targetHints":{"allow":["GET"]}}],"collection":[{"href":"https:\/\/agora.xtec.cat\/escola-norai-montgat\/wp-json\/wp\/v2\/posts"}],"about":[{"href":"https:\/\/agora.xtec.cat\/escola-norai-montgat\/wp-json\/wp\/v2\/types\/post"}],"author":[{"embeddable":true,"href":"https:\/\/agora.xtec.cat\/escola-norai-montgat\/wp-json\/wp\/v2\/users\/1"}],"replies":[{"embeddable":true,"href":"https:\/\/agora.xtec.cat\/escola-norai-montgat\/wp-json\/wp\/v2\/comments?post=1000"}],"version-history":[{"count":4,"href":"https:\/\/agora.xtec.cat\/escola-norai-montgat\/wp-json\/wp\/v2\/posts\/1000\/revisions"}],"predecessor-version":[{"id":1212,"href":"https:\/\/agora.xtec.cat\/escola-norai-montgat\/wp-json\/wp\/v2\/posts\/1000\/revisions\/1212"}],"wp:attachment":[{"href":"https:\/\/agora.xtec.cat\/escola-norai-montgat\/wp-json\/wp\/v2\/media?parent=1000"}],"wp:term":[{"taxonomy":"category","embeddable":true,"href":"https:\/\/agora.xtec.cat\/escola-norai-montgat\/wp-json\/wp\/v2\/categories?post=1000"},{"taxonomy":"post_tag","embeddable":true,"href":"https:\/\/agora.xtec.cat\/escola-norai-montgat\/wp-json\/wp\/v2\/tags?post=1000"}],"curies":[{"name":"wp","href":"https:\/\/api.w.org\/{rel}","templated":true}]}}