{"id":3118,"date":"2026-07-01T19:48:50","date_gmt":"2026-07-01T17:48:50","guid":{"rendered":"https:\/\/agora.xtec.cat\/escola-montserrat-premia\/?p=3118"},"modified":"2026-07-13T18:35:25","modified_gmt":"2026-07-13T16:35:25","slug":"%f0%9f%93%85-calendari-escolar-curs-2026-2027","status":"publish","type":"post","link":"https:\/\/agora.xtec.cat\/escola-montserrat-premia\/general\/%f0%9f%93%85-calendari-escolar-curs-2026-2027\/","title":{"rendered":"\ud83d\udcc5 Calendari Escolar Curs 2026-2027"},"content":{"rendered":"\n<figure class=\"wp-block-image size-large\"><a href=\"https:\/\/agora.xtec.cat\/escola-montserrat-premia\/wp-content\/uploads\/usu582\/2026\/07\/calendari-2026-2027.png\"><img loading=\"lazy\" decoding=\"async\" width=\"724\" height=\"1024\" src=\"https:\/\/agora.xtec.cat\/escola-montserrat-premia\/wp-content\/uploads\/usu582\/2026\/07\/calendari-2026-2027-724x1024.png\" alt=\"\" class=\"wp-image-3115\" srcset=\"https:\/\/agora.xtec.cat\/escola-montserrat-premia\/wp-content\/uploads\/usu582\/2026\/07\/calendari-2026-2027-724x1024.png 724w, https:\/\/agora.xtec.cat\/escola-montserrat-premia\/wp-content\/uploads\/usu582\/2026\/07\/calendari-2026-2027-212x300.png 212w, https:\/\/agora.xtec.cat\/escola-montserrat-premia\/wp-content\/uploads\/usu582\/2026\/07\/calendari-2026-2027-768x1086.png 768w, https:\/\/agora.xtec.cat\/escola-montserrat-premia\/wp-content\/uploads\/usu582\/2026\/07\/calendari-2026-2027-1086x1536.png 1086w, https:\/\/agora.xtec.cat\/escola-montserrat-premia\/wp-content\/uploads\/usu582\/2026\/07\/calendari-2026-2027.png 1414w\" sizes=\"auto, (max-width: 724px) 100vw, 724px\" \/><\/a><\/figure>\n\n\n\n<p id=\"p-rc_849f2264b915713f-29\">Benvolgudes fam\u00edlies de l&#8217;<strong>Escola Montserrat<\/strong><sup><\/sup>,<\/p>\n\n\n\n<p id=\"p-rc_849f2264b915713f-30\">Ja podeu consultar el <strong>calendari escolar oficial per al proper curs 2026-2027<\/strong>. Us en compartim les dates m\u00e9s importants per tal que pugueu organitzar l&#8217;agenda familiar de cara als propers mesos. <\/p>\n\n\n\n<h3 class=\"wp-block-heading\">\ud83d\uddd3\ufe0f Dates clau del curs:<\/h3>\n\n\n\n<ul class=\"wp-block-list\">\n<li><strong>Inici de les classes:<\/strong> Dimarts, 8 de setembre de 2026.<\/li>\n\n\n\n<li><strong>Vacances de Nadal:<\/strong> Del 22 de desembre de 2026 al 7 de gener de 2027 (ambd\u00f3s inclosos).<\/li>\n\n\n\n<li><strong>Vacances de Setmana Santa:<\/strong> Del 20 de mar\u00e7 al 29 de mar\u00e7 de 2027 (ambd\u00f3s inclosos).<\/li>\n\n\n\n<li><strong>Final de curs:<\/strong> Dilluns, 21 de juny de 2027.<\/li>\n<\/ul>\n\n\n\n<blockquote class=\"wp-block-quote is-layout-flow wp-block-quote-is-layout-flow\">\n<p id=\"p-rc_849f2264b915713f-35\">\ud83d\udccc <strong>Festius i dies de lliure elecci\u00f3:<\/strong> Recordeu que els dies festius generals, festius locals i els dies de lliure elecci\u00f3 aprovats pel Consell Escolar <sup><\/sup> estan marcats de manera espec\u00edfica en el document complet.<\/p>\n<\/blockquote>\n\n\n\n<p><\/p>\n","protected":false},"excerpt":{"rendered":"<p>Benvolgudes fam\u00edlies de l&#8217;Escola Montserrat,<\/p>\n<p>Ja podeu consultar el calendari escolar oficial per al proper curs 2026-2027. Us en compartim les dates m\u00e9s importants per tal que pugueu organitzar l&#8217;agenda familiar de cara als propers mesos.<\/p>\n","protected":false},"author":5,"featured_media":3115,"comment_status":"open","ping_status":"open","sticky":false,"template":"","format":"standard","meta":{"_bbp_topic_count":0,"_bbp_reply_count":0,"_bbp_total_topic_count":0,"_bbp_total_reply_count":0,"_bbp_voice_count":0,"_bbp_anonymous_reply_count":0,"_bbp_topic_count_hidden":0,"_bbp_reply_count_hidden":0,"_bbp_forum_subforum_count":0,"site-sidebar-layout":"default","site-content-layout":"","ast-site-content-layout":"default","site-content-style":"default","site-sidebar-style":"default","ast-global-header-display":"","ast-banner-title-visibility":"","ast-main-header-display":"","ast-hfb-above-header-display":"","ast-hfb-below-header-display":"","ast-hfb-mobile-header-display":"","site-post-title":"","ast-breadcrumbs-content":"","ast-featured-img":"","footer-sml-layout":"","theme-transparent-header-meta":"","adv-header-id-meta":"","stick-header-meta":"","header-above-stick-meta":"","header-main-stick-meta":"","header-below-stick-meta":"","astra-migrate-meta-layouts":"set","ast-page-background-enabled":"default","ast-page-background-meta":{"desktop":{"background-color":"var(--ast-global-color-4)","background-image":"","background-repeat":"repeat","background-position":"center center","background-size":"auto","background-attachment":"scroll","background-type":"","background-media":"","overlay-type":"","overlay-color":"","overlay-opacity":"","overlay-gradient":""},"tablet":{"background-color":"","background-image":"","background-repeat":"repeat","background-position":"center center","background-size":"auto","background-attachment":"scroll","background-type":"","background-media":"","overlay-type":"","overlay-color":"","overlay-opacity":"","overlay-gradient":""},"mobile":{"background-color":"","background-image":"","background-repeat":"repeat","background-position":"center center","background-size":"auto","background-attachment":"scroll","background-type":"","background-media":"","overlay-type":"","overlay-color":"","overlay-opacity":"","overlay-gradient":""}},"ast-content-background-meta":{"desktop":{"background-color":"var(--ast-global-color-5)","background-image":"","background-repeat":"repeat","background-position":"center center","background-size":"auto","background-attachment":"scroll","background-type":"","background-media":"","overlay-type":"","overlay-color":"","overlay-opacity":"","overlay-gradient":""},"tablet":{"background-color":"var(--ast-global-color-5)","background-image":"","background-repeat":"repeat","background-position":"center center","background-size":"auto","background-attachment":"scroll","background-type":"","background-media":"","overlay-type":"","overlay-color":"","overlay-opacity":"","overlay-gradient":""},"mobile":{"background-color":"var(--ast-global-color-5)","background-image":"","background-repeat":"repeat","background-position":"center center","background-size":"auto","background-attachment":"scroll","background-type":"","background-media":"","overlay-type":"","overlay-color":"","overlay-opacity":"","overlay-gradient":""}},"footnotes":""},"categories":[1,4],"tags":[],"class_list":["post-3118","post","type-post","status-publish","format-standard","has-post-thumbnail","hentry","category-general","category-portada"],"post_mailing_queue_ids":[],"_links":{"self":[{"href":"https:\/\/agora.xtec.cat\/escola-montserrat-premia\/wp-json\/wp\/v2\/posts\/3118","targetHints":{"allow":["GET"]}}],"collection":[{"href":"https:\/\/agora.xtec.cat\/escola-montserrat-premia\/wp-json\/wp\/v2\/posts"}],"about":[{"href":"https:\/\/agora.xtec.cat\/escola-montserrat-premia\/wp-json\/wp\/v2\/types\/post"}],"author":[{"embeddable":true,"href":"https:\/\/agora.xtec.cat\/escola-montserrat-premia\/wp-json\/wp\/v2\/users\/5"}],"replies":[{"embeddable":true,"href":"https:\/\/agora.xtec.cat\/escola-montserrat-premia\/wp-json\/wp\/v2\/comments?post=3118"}],"version-history":[{"count":1,"href":"https:\/\/agora.xtec.cat\/escola-montserrat-premia\/wp-json\/wp\/v2\/posts\/3118\/revisions"}],"predecessor-version":[{"id":3119,"href":"https:\/\/agora.xtec.cat\/escola-montserrat-premia\/wp-json\/wp\/v2\/posts\/3118\/revisions\/3119"}],"wp:featuredmedia":[{"embeddable":true,"href":"https:\/\/agora.xtec.cat\/escola-montserrat-premia\/wp-json\/wp\/v2\/media\/3115"}],"wp:attachment":[{"href":"https:\/\/agora.xtec.cat\/escola-montserrat-premia\/wp-json\/wp\/v2\/media?parent=3118"}],"wp:term":[{"taxonomy":"category","embeddable":true,"href":"https:\/\/agora.xtec.cat\/escola-montserrat-premia\/wp-json\/wp\/v2\/categories?post=3118"},{"taxonomy":"post_tag","embeddable":true,"href":"https:\/\/agora.xtec.cat\/escola-montserrat-premia\/wp-json\/wp\/v2\/tags?post=3118"}],"curies":[{"name":"wp","href":"https:\/\/api.w.org\/{rel}","templated":true}]}}