{"id":1426,"date":"2020-05-24T18:33:34","date_gmt":"2020-05-24T16:33:34","guid":{"rendered":"http:\/\/agora.xtec.cat\/escola-montroig-balaguer\/?p=1426"},"modified":"2020-05-24T18:33:34","modified_gmt":"2020-05-24T16:33:34","slug":"la-festa-de-la-macedonia","status":"publish","type":"post","link":"https:\/\/agora.xtec.cat\/escola-montroig-balaguer\/general\/la-festa-de-la-macedonia\/","title":{"rendered":"LA FESTA DE LA MACED\u00d2NIA!!"},"content":{"rendered":"<p align=\"justify\"><span style=\"font-family: Roboto, Noto, sans-serif;\"><span style=\"font-size: medium;\">AQUEST V\u00cdDEO \u00c9S TOT EL QUE REPRESENTA EL TALLER DE L&#8217;ESMORZAR PER L&#8217;ESCOLA, CONJUNTAMENT AMB EL CONTE DE LA FESTA DE LA MACED\u00d2NIA FET EN CONFINAMENT I TAMB\u00c9 PETITS RETALLS DE MACED\u00d2NIES FETES A CASA PELS NENS I NENES D&#8217;INFANTIL.<\/span><\/span><\/p>\n<p align=\"justify\"><span style=\"font-family: Roboto, Noto, sans-serif;\"><span style=\"font-size: medium;\">EL TALLER DE L&#8217;ESMORZAR QUE FEM A L\u2019ESCOLA CONSISTEIX EN PREPARAR MACED\u00d2NIA PER A TOTS ELS NENS I NENES D\u2019EDUCACI\u00d3 INFANTIL AMB LA FRUITA QUE DI\u00c0RIAMENT APORTEN. ES BASA EN UN TREBALL COL\u00b7LABORATIU ENTRE ELS MATEIXOS INFANTS I LES FAM\u00cdLIES QUE HI VOLEN PARTICIPAR, AFAVORINT UN AMBIENT DE TREBALL DIST\u00c8S I LA VINCULACI\u00d3 ENTRE LA FAM\u00cdLIA I L\u2019ESCOLA. <\/span><\/span><\/p>\n<p align=\"justify\"><span style=\"font-family: Roboto, Noto, sans-serif;\"><span style=\"font-size: medium;\">A M\u00c9S, \u00c9S UN ESPAI DE TROBADA DELS AMICS I DE LES AMIGUES ESPECIALS, DEL PROGRAMA DE TUTORIA ENTRE IGUALS. LES PARELLES D\u2019INFANTS DE P3 i P5 COMPARTEIXEN EL TALLER DE L\u2019ESMORZAR ON, COM EN ALTRES ACTIVITATS QUE ES PORTEN A TERME, S\u2019AFAVOREIX QUE S\u2019ESTABLEIXI UN VINCLE ENTRE ELLS\/ES.<\/span><\/span><\/p>\n<p><a href=\"https:\/\/youtu.be\/IUjslMhjgIk\">https:\/\/youtu.be\/IUjslMhjgIk<\/a><\/p>\n","protected":false},"excerpt":{"rendered":"<p>AQUEST V\u00cdDEO \u00c9S TOT EL QUE REPRESENTA EL TALLER DE L&#8217;ESMORZAR PER L&#8217;ESCOLA, CONJUNTAMENT AMB EL CONTE DE LA FESTA DE LA MACED\u00d2NIA FET EN CONFINAMENT I TAMB\u00c9 PETITS RETALLS DE MACED\u00d2NIES FETES A CASA PELS NENS I NENES D&#8217;INFANTIL. EL TALLER DE L&#8217;ESMORZAR QUE FEM A L\u2019ESCOLA CONSISTEIX EN PREPARAR MACED\u00d2NIA PER A TOTS [&hellip;]<\/p>\n","protected":false},"author":17,"featured_media":0,"comment_status":"open","ping_status":"closed","sticky":false,"template":"","format":"standard","meta":{"_bbp_topic_count":0,"_bbp_reply_count":0,"_bbp_total_topic_count":0,"_bbp_total_reply_count":0,"_bbp_voice_count":0,"_bbp_anonymous_reply_count":0,"_bbp_topic_count_hidden":0,"_bbp_reply_count_hidden":0,"_bbp_forum_subforum_count":0,"site-sidebar-layout":"default","site-content-layout":"","ast-site-content-layout":"","site-content-style":"default","site-sidebar-style":"default","ast-global-header-display":"","ast-banner-title-visibility":"","ast-main-header-display":"","ast-hfb-above-header-display":"","ast-hfb-below-header-display":"","ast-hfb-mobile-header-display":"","site-post-title":"","ast-breadcrumbs-content":"","ast-featured-img":"","footer-sml-layout":"","theme-transparent-header-meta":"","adv-header-id-meta":"","stick-header-meta":"","header-above-stick-meta":"","header-main-stick-meta":"","header-below-stick-meta":"","astra-migrate-meta-layouts":"default","ast-page-background-enabled":"default","ast-page-background-meta":{"desktop":{"background-color":"var(--ast-global-color-4)","background-image":"","background-repeat":"repeat","background-position":"center center","background-size":"auto","background-attachment":"scroll","background-type":"","background-media":"","overlay-type":"","overlay-color":"","overlay-opacity":"","overlay-gradient":""},"tablet":{"background-color":"","background-image":"","background-repeat":"repeat","background-position":"center center","background-size":"auto","background-attachment":"scroll","background-type":"","background-media":"","overlay-type":"","overlay-color":"","overlay-opacity":"","overlay-gradient":""},"mobile":{"background-color":"","background-image":"","background-repeat":"repeat","background-position":"center center","background-size":"auto","background-attachment":"scroll","background-type":"","background-media":"","overlay-type":"","overlay-color":"","overlay-opacity":"","overlay-gradient":""}},"ast-content-background-meta":{"desktop":{"background-color":"var(--ast-global-color-5)","background-image":"","background-repeat":"repeat","background-position":"center center","background-size":"auto","background-attachment":"scroll","background-type":"","background-media":"","overlay-type":"","overlay-color":"","overlay-opacity":"","overlay-gradient":""},"tablet":{"background-color":"var(--ast-global-color-5)","background-image":"","background-repeat":"repeat","background-position":"center center","background-size":"auto","background-attachment":"scroll","background-type":"","background-media":"","overlay-type":"","overlay-color":"","overlay-opacity":"","overlay-gradient":""},"mobile":{"background-color":"var(--ast-global-color-5)","background-image":"","background-repeat":"repeat","background-position":"center center","background-size":"auto","background-attachment":"scroll","background-type":"","background-media":"","overlay-type":"","overlay-color":"","overlay-opacity":"","overlay-gradient":""}},"footnotes":""},"categories":[1,2,3,8,9,4,76],"tags":[],"class_list":["post-1426","post","type-post","status-publish","format-standard","hentry","category-general","category-infantil","category-p3","category-p4","category-p5","category-portada","category-programa-tei"],"post_mailing_queue_ids":[],"_links":{"self":[{"href":"https:\/\/agora.xtec.cat\/escola-montroig-balaguer\/wp-json\/wp\/v2\/posts\/1426","targetHints":{"allow":["GET"]}}],"collection":[{"href":"https:\/\/agora.xtec.cat\/escola-montroig-balaguer\/wp-json\/wp\/v2\/posts"}],"about":[{"href":"https:\/\/agora.xtec.cat\/escola-montroig-balaguer\/wp-json\/wp\/v2\/types\/post"}],"author":[{"embeddable":true,"href":"https:\/\/agora.xtec.cat\/escola-montroig-balaguer\/wp-json\/wp\/v2\/users\/17"}],"replies":[{"embeddable":true,"href":"https:\/\/agora.xtec.cat\/escola-montroig-balaguer\/wp-json\/wp\/v2\/comments?post=1426"}],"version-history":[{"count":1,"href":"https:\/\/agora.xtec.cat\/escola-montroig-balaguer\/wp-json\/wp\/v2\/posts\/1426\/revisions"}],"predecessor-version":[{"id":1428,"href":"https:\/\/agora.xtec.cat\/escola-montroig-balaguer\/wp-json\/wp\/v2\/posts\/1426\/revisions\/1428"}],"wp:attachment":[{"href":"https:\/\/agora.xtec.cat\/escola-montroig-balaguer\/wp-json\/wp\/v2\/media?parent=1426"}],"wp:term":[{"taxonomy":"category","embeddable":true,"href":"https:\/\/agora.xtec.cat\/escola-montroig-balaguer\/wp-json\/wp\/v2\/categories?post=1426"},{"taxonomy":"post_tag","embeddable":true,"href":"https:\/\/agora.xtec.cat\/escola-montroig-balaguer\/wp-json\/wp\/v2\/tags?post=1426"}],"curies":[{"name":"wp","href":"https:\/\/api.w.org\/{rel}","templated":true}]}}